{"id":9488,"date":"2025-11-20T12:30:00","date_gmt":"2025-11-20T15:30:00","guid":{"rendered":"https:\/\/diariodepernambuco.audiencelabs.com.br\/?p=9488"},"modified":"2025-11-17T14:29:50","modified_gmt":"2025-11-17T17:29:50","slug":"enquanto-voce-ganha-salario-minimo-que-mal-paga-as-contas-eles-recebem-r-40-mil-por-mes-no-brasil","status":"publish","type":"post","link":"https:\/\/diariodepernambuco.audiencelabs.com.br\/enquanto-voce-ganha-salario-minimo-que-mal-paga-as-contas-eles-recebem-r-40-mil-por-mes-no-brasil\/","title":{"rendered":"Enquanto voc\u00ea ganha sal\u00e1rio m\u00ednimo que mal paga as contas, eles recebem R$ 40 mil por m\u00eas no Brasil"},"content":{"rendered":"\n<p>Enquanto milh\u00f5es de brasileiros vivem com o sal\u00e1rio m\u00ednimo de R$ 1.412, uma parcela do funcionalismo p\u00fablico recebe remunera\u00e7\u00f5es que podem ultrapassar os R$ 40 mil mensais, evidenciando um forte contraste salarial. No topo dessa estrutura est\u00e3o os ministros do Supremo Tribunal Federal (STF), que recebem o teto constitucional de R$ 41.650,92.<\/p>\n\n\n\n<p>Embora esse valor represente o limite oficial para o servi\u00e7o p\u00fablico, na pr\u00e1tica muitos servidores conseguem super\u00e1-lo devido a gratifica\u00e7\u00f5es e benef\u00edcios adicionais. Desembargadores de tribunais estaduais, assim como procuradores, promotores de Justi\u00e7a e defensores p\u00fablicos em cargos de lideran\u00e7a, tamb\u00e9m costumam receber sal\u00e1rios muito pr\u00f3ximos \u2014 ou at\u00e9 acima \u2014 desse patamar.<\/p>\n\n\n\n<p>Deputados federais e senadores recebem subs\u00eddio de R$ 44.008,52, al\u00e9m de verbas indenizat\u00f3rias para gabinete, passagens a\u00e9reas e outros aux\u00edlios que n\u00e3o entram no c\u00e1lculo oficial da remunera\u00e7\u00e3o. A desigualdade se torna ainda mais evidente quando se compara o poder de compra.<\/p>\n\n\n\n<p>Enquanto um trabalhador que recebe sal\u00e1rio m\u00ednimo precisaria de cerca de 29 meses para atingir o valor que um ministro do STF ganha em apenas um m\u00eas, essas categorias do alto escal\u00e3o ainda contam com benef\u00edcios como aux\u00edlio-moradia, f\u00e9rias de 60 dias e aposentadoria integral.<\/p>\n\n\n\n<p>Dados do Tribunal de Contas da Uni\u00e3o indicam que cerca de 15 mil servidores no pa\u00eds acabam recebendo acima do teto constitucional quando todos os benef\u00edcios s\u00e3o inclu\u00eddos. Al\u00e9m disso, a folha de pagamento do funcionalismo p\u00fablico representa aproximadamente 13% do PIB, um dos \u00edndices mais elevados do mundo.<\/p>\n\n\n\n<p><\/p>\n","protected":false},"excerpt":{"rendered":"<p>Enquanto milh\u00f5es de brasileiros vivem com o sal\u00e1rio m\u00ednimo de R$ 1.412, uma parcela do funcionalismo p\u00fablico recebe remunera\u00e7\u00f5es que podem ultrapassar os R$ 40 mil mensais, evidenciando um forte contraste salarial. No topo dessa estrutura est\u00e3o os ministros do Supremo Tribunal Federal (STF), que recebem o teto constitucional de R$ 41.650,92. Embora esse valor [&hellip;]<\/p>\n","protected":false},"author":4,"featured_media":7342,"comment_status":"open","ping_status":"open","sticky":false,"template":"","format":"standard","meta":{"jnews-multi-image_gallery":[],"jnews_single_post":{"format":"standard"},"jnews_primary_category":[],"jnews_social_meta":[],"jnews_post_split":[],"footnotes":""},"categories":[1],"tags":[],"class_list":["post-9488","post","type-post","status-publish","format-standard","has-post-thumbnail","hentry","category-uncategorized"],"_links":{"self":[{"href":"https:\/\/diariodepernambuco.audiencelabs.com.br\/wp-json\/wp\/v2\/posts\/9488","targetHints":{"allow":["GET"]}}],"collection":[{"href":"https:\/\/diariodepernambuco.audiencelabs.com.br\/wp-json\/wp\/v2\/posts"}],"about":[{"href":"https:\/\/diariodepernambuco.audiencelabs.com.br\/wp-json\/wp\/v2\/types\/post"}],"author":[{"embeddable":true,"href":"https:\/\/diariodepernambuco.audiencelabs.com.br\/wp-json\/wp\/v2\/users\/4"}],"replies":[{"embeddable":true,"href":"https:\/\/diariodepernambuco.audiencelabs.com.br\/wp-json\/wp\/v2\/comments?post=9488"}],"version-history":[{"count":2,"href":"https:\/\/diariodepernambuco.audiencelabs.com.br\/wp-json\/wp\/v2\/posts\/9488\/revisions"}],"predecessor-version":[{"id":9490,"href":"https:\/\/diariodepernambuco.audiencelabs.com.br\/wp-json\/wp\/v2\/posts\/9488\/revisions\/9490"}],"wp:featuredmedia":[{"embeddable":true,"href":"https:\/\/diariodepernambuco.audiencelabs.com.br\/wp-json\/wp\/v2\/media\/7342"}],"wp:attachment":[{"href":"https:\/\/diariodepernambuco.audiencelabs.com.br\/wp-json\/wp\/v2\/media?parent=9488"}],"wp:term":[{"taxonomy":"category","embeddable":true,"href":"https:\/\/diariodepernambuco.audiencelabs.com.br\/wp-json\/wp\/v2\/categories?post=9488"},{"taxonomy":"post_tag","embeddable":true,"href":"https:\/\/diariodepernambuco.audiencelabs.com.br\/wp-json\/wp\/v2\/tags?post=9488"}],"curies":[{"name":"wp","href":"https:\/\/api.w.org\/{rel}","templated":true}]}}