{"id":9512,"date":"2025-11-22T08:00:00","date_gmt":"2025-11-22T11:00:00","guid":{"rendered":"https:\/\/diariodepernambuco.audiencelabs.com.br\/?p=9512"},"modified":"2025-11-17T15:39:32","modified_gmt":"2025-11-17T18:39:32","slug":"repescagem-da-copa-do-mundo-quais-selecoes-vao-ter-que-jogar","status":"publish","type":"post","link":"https:\/\/diariodepernambuco.audiencelabs.com.br\/repescagem-da-copa-do-mundo-quais-selecoes-vao-ter-que-jogar\/","title":{"rendered":"Repescagem europeia da Copa do Mundo: quais sele\u00e7\u00f5es v\u00e3o ter que jogar"},"content":{"rendered":"\n<p>As Eliminat\u00f3rias para a Copa do Mundo de 2026 entram na reta final, com v\u00e1rias sele\u00e7\u00f5es j\u00e1 garantindo presen\u00e7a no torneio, enquanto outras ter\u00e3o uma segunda chance na repescagem. Com o aumento para 48 participantes nesta edi\u00e7\u00e3o, a Europa passou a ter tr\u00eas vagas a mais, totalizando 16 lugares no Mundial.<\/p>\n\n\n\n<p>Das 16 vagas europeias, 12 ser\u00e3o preenchidas diretamente pelos l\u00edderes de cada grupo das Eliminat\u00f3rias, e as quatro restantes ser\u00e3o decididas na fase de playoff. \u00c9 importante lembrar que a Europa conta com uma repescagem pr\u00f3pria, dispensando a necessidade de suas equipes participarem do playoff intercontinental.<\/p>\n\n\n\n<p>Cinco sele\u00e7\u00f5es do continente j\u00e1 carimbaram vaga no Mundial: Inglaterra, Fran\u00e7a, Cro\u00e1cia, Portugal e Noruega. J\u00e1 para o playoff, s\u00e3o cinco sele\u00e7\u00f5es at\u00e9 agora que ter\u00e3o uma segunda chance: Ucr\u00e2nia, Irlanda, It\u00e1lia, Rep\u00fablica Tcheca e Alb\u00e2nia.<\/p>\n\n\n\n<p>Vale destacar que, na repescagem europeia, os segundos colocados de cada grupo das Eliminat\u00f3rias enfrentam os quatro melhores classificados entre os vencedores de grupo da Nations League. At\u00e9 o momento, Su\u00e9cia, Rom\u00eania e Irlanda do Norte garantiram presen\u00e7a na repescagem ao liderarem seus respectivos grupos na competi\u00e7\u00e3o.<\/p>\n\n\n\n<h2 class=\"wp-block-heading\">Quem j\u00e1 est\u00e1 na Copa do Mundo de 2026?<\/h2>\n\n\n\n<p><strong>Am\u00e9rica do Sul<\/strong><\/p>\n\n\n\n<ul class=\"wp-block-list\">\n<li>Argentina<\/li>\n\n\n\n<li>Brasil<\/li>\n\n\n\n<li>Col\u00f4mbia<\/li>\n\n\n\n<li>Equador<\/li>\n\n\n\n<li>Paraguai<\/li>\n\n\n\n<li>Uruguai<\/li>\n<\/ul>\n\n\n\n<p><strong>Oceania<\/strong><\/p>\n\n\n\n<ul class=\"wp-block-list\">\n<li>Nova Zel\u00e2ndia<\/li>\n<\/ul>\n\n\n\n<p><strong>Europa\u00a0<\/strong><\/p>\n\n\n\n<ul class=\"wp-block-list\">\n<li>Cro\u00e1cia<\/li>\n\n\n\n<li>Fran\u00e7a<\/li>\n\n\n\n<li>Inglaterra<\/li>\n\n\n\n<li>Noruega<\/li>\n\n\n\n<li>Portugal<\/li>\n<\/ul>\n\n\n\n<p><strong>\u00c1frica<\/strong><\/p>\n\n\n\n<ul class=\"wp-block-list\">\n<li>\u00c1frica do Sul<\/li>\n\n\n\n<li>Arg\u00e9lia<\/li>\n\n\n\n<li>Cabo Verde<\/li>\n\n\n\n<li>Costa do Marfim<\/li>\n\n\n\n<li>Egito<\/li>\n\n\n\n<li>Gana<\/li>\n\n\n\n<li>Marrocos<\/li>\n\n\n\n<li>Senegal<\/li>\n\n\n\n<li>Tun\u00edsia<\/li>\n<\/ul>\n\n\n\n<p><strong>\u00c1sia<\/strong><\/p>\n\n\n\n<ul class=\"wp-block-list\">\n<li>Ar\u00e1bia Saudita<\/li>\n\n\n\n<li>Austr\u00e1lia<\/li>\n\n\n\n<li>Catar<\/li>\n\n\n\n<li>Coreia do Sul<\/li>\n\n\n\n<li>Ir\u00e3<\/li>\n\n\n\n<li>Jap\u00e3o<\/li>\n\n\n\n<li>Jord\u00e2nia<\/li>\n\n\n\n<li>Uzbequist\u00e3o<\/li>\n<\/ul>\n\n\n\n<p><strong>Am\u00e9rica do Norte e Central\u00a0<\/strong><\/p>\n\n\n\n<ul class=\"wp-block-list\">\n<li>Canad\u00e1 (pa\u00eds-sede)<\/li>\n\n\n\n<li>Estados Unidos (pa\u00eds-sede)<\/li>\n\n\n\n<li>M\u00e9xico (pa\u00eds-sede)<\/li>\n<\/ul>\n\n\n\n<p><\/p>\n","protected":false},"excerpt":{"rendered":"<p>As Eliminat\u00f3rias para a Copa do Mundo de 2026 entram na reta final, com v\u00e1rias sele\u00e7\u00f5es j\u00e1 garantindo presen\u00e7a no torneio, enquanto outras ter\u00e3o uma segunda chance na repescagem. Com o aumento para 48 participantes nesta edi\u00e7\u00e3o, a Europa passou a ter tr\u00eas vagas a mais, totalizando 16 lugares no Mundial. Das 16 vagas europeias, [&hellip;]<\/p>\n","protected":false},"author":4,"featured_media":6156,"comment_status":"open","ping_status":"open","sticky":false,"template":"","format":"standard","meta":{"jnews-multi-image_gallery":[],"jnews_single_post":{"format":"standard"},"jnews_primary_category":[],"jnews_social_meta":[],"jnews_post_split":[],"footnotes":""},"categories":[1],"tags":[],"class_list":["post-9512","post","type-post","status-publish","format-standard","has-post-thumbnail","hentry","category-uncategorized"],"_links":{"self":[{"href":"https:\/\/diariodepernambuco.audiencelabs.com.br\/wp-json\/wp\/v2\/posts\/9512","targetHints":{"allow":["GET"]}}],"collection":[{"href":"https:\/\/diariodepernambuco.audiencelabs.com.br\/wp-json\/wp\/v2\/posts"}],"about":[{"href":"https:\/\/diariodepernambuco.audiencelabs.com.br\/wp-json\/wp\/v2\/types\/post"}],"author":[{"embeddable":true,"href":"https:\/\/diariodepernambuco.audiencelabs.com.br\/wp-json\/wp\/v2\/users\/4"}],"replies":[{"embeddable":true,"href":"https:\/\/diariodepernambuco.audiencelabs.com.br\/wp-json\/wp\/v2\/comments?post=9512"}],"version-history":[{"count":3,"href":"https:\/\/diariodepernambuco.audiencelabs.com.br\/wp-json\/wp\/v2\/posts\/9512\/revisions"}],"predecessor-version":[{"id":9519,"href":"https:\/\/diariodepernambuco.audiencelabs.com.br\/wp-json\/wp\/v2\/posts\/9512\/revisions\/9519"}],"wp:featuredmedia":[{"embeddable":true,"href":"https:\/\/diariodepernambuco.audiencelabs.com.br\/wp-json\/wp\/v2\/media\/6156"}],"wp:attachment":[{"href":"https:\/\/diariodepernambuco.audiencelabs.com.br\/wp-json\/wp\/v2\/media?parent=9512"}],"wp:term":[{"taxonomy":"category","embeddable":true,"href":"https:\/\/diariodepernambuco.audiencelabs.com.br\/wp-json\/wp\/v2\/categories?post=9512"},{"taxonomy":"post_tag","embeddable":true,"href":"https:\/\/diariodepernambuco.audiencelabs.com.br\/wp-json\/wp\/v2\/tags?post=9512"}],"curies":[{"name":"wp","href":"https:\/\/api.w.org\/{rel}","templated":true}]}}