{"id":9516,"date":"2025-11-18T18:45:00","date_gmt":"2025-11-18T21:45:00","guid":{"rendered":"https:\/\/diariodepernambuco.audiencelabs.com.br\/?p=9516"},"modified":"2025-11-17T15:57:58","modified_gmt":"2025-11-17T18:57:58","slug":"bancos-vao-fechar-no-dia-da-consciencia-negra","status":"publish","type":"post","link":"https:\/\/diariodepernambuco.audiencelabs.com.br\/bancos-vao-fechar-no-dia-da-consciencia-negra\/","title":{"rendered":"Bancos v\u00e3o fechar no Dia da Consci\u00eancia Negra?"},"content":{"rendered":"\n<p>Na pr\u00f3xima quinta-feira, 20 de novembro de 2025, o pa\u00eds vivenciar\u00e1 pela segunda vez um feriado nacional que ainda gera d\u00favidas entre muitos brasileiros: o Dia da Consci\u00eancia Negra. <\/p>\n\n\n\n<p>Institu\u00eddo em 2023, o feriado passou a integrar o <a href=\"https:\/\/diariodepernambuco.com.br\/dpmais\/lei-em-vigor-traz-otima-noticia-sobre-feriado-prolongado-no-brasil\/\" target=\"_blank\" rel=\"noopener\"><strong>calend\u00e1rio oficial recentemente<\/strong><\/a>, e por isso muita gente ainda n\u00e3o sabe exatamente o que abre, o que fecha e como ficam os servi\u00e7os. <\/p>\n\n\n\n<p>Entre as perguntas mais comuns est\u00e1 a situa\u00e7\u00e3o dos bancos, que seguem regras espec\u00edficas para datas classificadas como feriado nacional.<\/p>\n\n\n\n<h2 class=\"wp-block-heading\">Bancos v\u00e3o fechar no Dia da Consci\u00eancia Negra?<\/h2>\n\n\n\n<p>No caso das institui\u00e7\u00f5es financeiras, o funcionamento ser\u00e1 interrompido durante todo o dia. Ag\u00eancias n\u00e3o far\u00e3o atendimento presencial e opera\u00e7\u00f5es presenciais s\u00f3 voltam a ocorrer na sexta-feira, caso n\u00e3o haja decis\u00e3o local por ponto facultativo. <\/p>\n\n\n\n<p>Transa\u00e7\u00f5es digitais continuam liberadas, como ocorre em qualquer feriado. Esse fechamento acompanha o padr\u00e3o aplicado a outras datas em que o pa\u00eds para oficialmente.<\/p>\n\n\n\n<p>O impacto tamb\u00e9m se estende a outros setores. \u00d3rg\u00e3os p\u00fablicos costumam suspender atividades, exceto onde houver escala diferenciada. Servi\u00e7os essenciais, como sa\u00fade, transporte e seguran\u00e7a, seguem operando, mas normalmente com equipes reduzidas. <\/p>\n\n\n\n<p>J\u00e1 o com\u00e9rcio pode variar bastante. Lojas de rua e centros comerciais conseguem abrir, desde que apoiados em acordo coletivo que trate de pagamento adicional ou compensa\u00e7\u00e3o de horas. <\/p>\n\n\n\n<p>Em muitos munic\u00edpios, a sexta-feira seguinte pode ser considerada ponte, mas isso n\u00e3o \u00e9 regra e depende do posicionamento de cada empregador ou administra\u00e7\u00e3o local.<\/p>\n\n\n\n<h3 class=\"wp-block-heading\">Dia da Consci\u00eancia Negra d\u00e1 direito \u00e0 folga do trabalho?<\/h3>\n\n\n\n<p>Para os trabalhadores, o cen\u00e1rio exige aten\u00e7\u00e3o. Quem \u00e9 contratado pelo regime celetista s\u00f3 trabalha no feriado se houver previs\u00e3o espec\u00edfica e com remunera\u00e7\u00e3o diferenciada ou folga compensat\u00f3ria. <\/p>\n\n\n\n<p>Escalas como 5&#215;2, 6&#215;1 ou 4&#215;3 tamb\u00e9m seguem essas diretrizes. J\u00e1 no caso de jornadas 12&#215;36, os feriados j\u00e1 est\u00e3o inclu\u00eddos na remunera\u00e7\u00e3o mensal. <\/p>\n\n\n\n<p>Uma eventual emenda com a sexta-feira precisa ser confirmada com a empresa, pois n\u00e3o h\u00e1 obriga\u00e7\u00e3o legal de liberar o funcion\u00e1rio. <\/p>\n\n\n\n<p>Caso o empregador n\u00e3o adote a ponte, a sexta permanece como dia \u00fatil, tanto para o expediente quanto para o com\u00e9rcio local.<\/p>\n\n\n\n<h3 class=\"wp-block-heading\">O Dia da Consci\u00eancia Negra e os pr\u00f3ximos feriados de 2025<\/h3>\n\n\n\n<p>O Dia da Consci\u00eancia Negra marca a morte de Zumbi dos Palmares e simboliza a luta contra o racismo e a defesa da igualdade racial. <\/p>\n\n\n\n<p>A data foi celebrada por d\u00e9cadas em estados e munic\u00edpios, mas s\u00f3 ganhou alcance nacional com a<a href=\"https:\/\/www.planalto.gov.br\/ccivil_03\/_ato2023-2026\/2023\/lei\/l14759.htm\" target=\"_blank\" rel=\"noopener\"><strong> san\u00e7\u00e3o presidencial<\/strong><\/a> de 2023. <\/p>\n\n\n\n<p>Depois dessa quinta-feira, o calend\u00e1rio de 2025 volta a ter um \u00fanico feriado nacional no fim do ano, o Natal, celebrado em 25 de dezembro.<\/p>\n\n\n\n<p><\/p>\n","protected":false},"excerpt":{"rendered":"<p>Na pr\u00f3xima quinta-feira, 20 de novembro de 2025, o pa\u00eds vivenciar\u00e1 pela segunda vez um feriado nacional que ainda gera d\u00favidas entre muitos brasileiros: o Dia da Consci\u00eancia Negra. Institu\u00eddo em 2023, o feriado passou a integrar o calend\u00e1rio oficial recentemente, e por isso muita gente ainda n\u00e3o sabe exatamente o que abre, o que [&hellip;]<\/p>\n","protected":false},"author":12,"featured_media":9518,"comment_status":"open","ping_status":"open","sticky":false,"template":"","format":"standard","meta":{"jnews-multi-image_gallery":[],"jnews_single_post":{"format":"standard"},"jnews_primary_category":[],"jnews_social_meta":[],"jnews_post_split":[],"footnotes":""},"categories":[1],"tags":[],"class_list":["post-9516","post","type-post","status-publish","format-standard","has-post-thumbnail","hentry","category-uncategorized"],"_links":{"self":[{"href":"https:\/\/diariodepernambuco.audiencelabs.com.br\/wp-json\/wp\/v2\/posts\/9516","targetHints":{"allow":["GET"]}}],"collection":[{"href":"https:\/\/diariodepernambuco.audiencelabs.com.br\/wp-json\/wp\/v2\/posts"}],"about":[{"href":"https:\/\/diariodepernambuco.audiencelabs.com.br\/wp-json\/wp\/v2\/types\/post"}],"author":[{"embeddable":true,"href":"https:\/\/diariodepernambuco.audiencelabs.com.br\/wp-json\/wp\/v2\/users\/12"}],"replies":[{"embeddable":true,"href":"https:\/\/diariodepernambuco.audiencelabs.com.br\/wp-json\/wp\/v2\/comments?post=9516"}],"version-history":[{"count":1,"href":"https:\/\/diariodepernambuco.audiencelabs.com.br\/wp-json\/wp\/v2\/posts\/9516\/revisions"}],"predecessor-version":[{"id":9523,"href":"https:\/\/diariodepernambuco.audiencelabs.com.br\/wp-json\/wp\/v2\/posts\/9516\/revisions\/9523"}],"wp:featuredmedia":[{"embeddable":true,"href":"https:\/\/diariodepernambuco.audiencelabs.com.br\/wp-json\/wp\/v2\/media\/9518"}],"wp:attachment":[{"href":"https:\/\/diariodepernambuco.audiencelabs.com.br\/wp-json\/wp\/v2\/media?parent=9516"}],"wp:term":[{"taxonomy":"category","embeddable":true,"href":"https:\/\/diariodepernambuco.audiencelabs.com.br\/wp-json\/wp\/v2\/categories?post=9516"},{"taxonomy":"post_tag","embeddable":true,"href":"https:\/\/diariodepernambuco.audiencelabs.com.br\/wp-json\/wp\/v2\/tags?post=9516"}],"curies":[{"name":"wp","href":"https:\/\/api.w.org\/{rel}","templated":true}]}}