{"id":9520,"date":"2025-11-22T09:30:00","date_gmt":"2025-11-22T12:30:00","guid":{"rendered":"https:\/\/diariodepernambuco.audiencelabs.com.br\/?p=9520"},"modified":"2025-11-24T14:05:45","modified_gmt":"2025-11-24T17:05:45","slug":"filipe-luis-e-comunicado-sobre-adeus-de-craque-do-flamengo","status":"publish","type":"post","link":"https:\/\/diariodepernambuco.audiencelabs.com.br\/filipe-luis-e-comunicado-sobre-adeus-de-craque-do-flamengo\/","title":{"rendered":"Filipe Lu\u00eds \u00e9 comunicado sobre adeus de craque do Flamengo"},"content":{"rendered":"\n<p>L\u00edder do Campeonato Brasileiro e na expectativa pela grande decis\u00e3o da Copa Libertadores da Am\u00e9rica, marcada para o dia 29 deste m\u00eas, o Flamengo tamb\u00e9m j\u00e1 pensa na pr\u00f3xima temporada. Segundo informa\u00e7\u00f5es do portal BolaVip Brasil, o meia Nico De La Cruz, de 28 anos, poder\u00e1 ser negociado na pr\u00f3xima janela de transfer\u00eancias.<\/p>\n\n\n\n<p>Sexta contrata\u00e7\u00e3o mais cara da hist\u00f3ria do Rubro-Negro, ao custar incr\u00edveis R$ 77,7 milh\u00f5es, De La Cruz chegou ao Rio de Janeiro ap\u00f3s brilhar com a camisa do gigante River Plate, da Argentina. O sucesso em solo hermano, no entanto, n\u00e3o foi o mesmo no Brasil. Convivendo com in\u00fameras les\u00f5es, o uruguaio jamais emplacou.<\/p>\n\n\n\n<p>Tanto que a ideia da diretoria do Flamengo \u00e9 envolver o atleta em uma troca justamente com o seu antigo clube. Facundo Colidio, atacante que interessou ao Rubro-Negro no meio deste ano, j\u00e1 est\u00e1 na lista de negoci\u00e1veis do River Plate e uma negocia\u00e7\u00e3o n\u00e3o \u00e9 descartada. Resta saber se De La Cruz toparia retornar para a Argentina.<\/p>\n\n\n\n<p>Pr\u00f3ximo de completar dois anos de Flamengo, o uruguaio soma tr\u00eas gols marcados e seis assist\u00eancias distribu\u00eddas em 70 jogos disputados, sendo 29 deles na atual temporada. Ao todo, foram quatro t\u00edtulos conquistados: dois do Campeonato Carioca, um da Copa do Brasil e um da Supercopa Rei.<\/p>\n\n\n<style>@media (min-width: 992px) {\n    .recomendadorV2Area1 {\n        width: 280px;\n    }\n    .recomendadorV2Area2 {\n        padding: 0px 20px;\n        width: calc(100% - 280px);\n    }\n}\n\n@media (max-width: 992px) {\n    .recomendadorV2Button {\n        margin: 0 auto;\n    }\n    .recomendadorV2Area {\n        flex-direction: column;\n        text-align: center;\n    }\n    .recomendadorV2Area2 {\n        padding: 0px 20px;\n    }\n}\n\n.recomendadorV2Area {\n    background: #eeeeee3d;\n    border-radius: 10px;\n    padding: 15px;\n    display: flex;\n    margin: 15px auto;\n    border: 1px solid #00000014;\n    max-width: 800px;\n}\n\n.recomendadorV2Area1 img {\n    width: 280px;\n    height: auto;\n    border-radius: 8px;\n}\n\n.linkrecomendadorv2 {\n    text-decoration: none !important;\n}\n\n.recomendadorV2Area2 .recomendadorV2Type {\n    text-transform: uppercase;\n    font-weight: 500;\n    font-size: 11px;\n    letter-spacing: 2px;\n    color: #666;\n    margin: 12px 0;\n    display: block;\n}\n\n.recomendadorV2Title h2 {\n    padding-top: 0px !important;\n    margin: 0px !important;\n    border-left: none !important;\n    padding-left: 0px !important;\n    line-height: 1.3;\n    color: #000 !important;\n    font-size: 24px;\n    margin-bottom: 12px !important;\n}\n\n.recomendadorV2Desc {\n    color: #333;\n    margin: 12px 0px !important;\n    font-size: 15px;\n    line-height: 1.5;\n}\n\n.recomendadorV2Button {\n    width: auto;\n    max-width: 200px;\n    margin: 0;\n    display: inline-flex;\n    align-items: center;\n    background: #1D3557;\n    border-radius: 8px;\n    color: #fff;\n    height: 36px;\n    justify-content: center;\n    text-align: center;\n    font-size: 14px;\n    padding: 0 20px;\n    transition: background-color 0.2s ease;\n}\n\n.recomendadorV2Button:hover {\n    background: #2a4d7a;\n}\n\n.recomendadorV2Button:after {\n    margin-top: -2px;\n    content: \"\u2192\";\n    padding: 0px 0px 0px 8px;\n}\n\n.recomendadorV2Alert {\n    text-align: left;\n    font-size: 11px;\n    margin-top: 8px;\n    color: #666;\n}\n\n.recomendadorFixedArea {\n    width: 100%;\n    display: flex;\n    justify-content: center;\n    align-items: center;\n}\n\n@media (min-width: 992px) {\n    #recomendadorFixed {\n        width: 32% !important;\n        left: 5%;\n    }\n    .recomendadorCloseFixed{\n        right: inherit !important;\n        left: 378px !important;\n    }\n}\n\n#recomendadorFixed {\n    width: 90%;\n    box-shadow: 0 10px 20px 0px #00000057;\n    display: none;\n    height: 90px;\n    background: #F6F6F6;\n    position: fixed;\n    flex-direction: row;\n    bottom: 10px;\n    z-index: 9999;\n    border-radius: 16px;\n    padding: 7px 10px;\n}\n\n.recomendadorLeftArea {\n    width: 160px;\n}\n\n.recomendadorRightArea h2 {\n    padding-top: 0px;\n    margin: 2px 0px 4px 0px !important;\n    font-weight: 400;\n    text-align: center;\n    padding-left: 0px !important;\n    color: #000 !important;\n    border-left: none !important;\n    line-height: 20px;\n    font-size: 12px !important;\n}\n\n.recomendadorImgFixed {\n    overflow: hidden;\n    padding: 8px 6px;\n    height: 100%;\n}\n\n.recomendadorImgFixed img {\n    height: 100% !important;\n    border-radius: 16px;\n}\n\n.recomendadorRightArea {\n    padding-top: 6px;\n    display: flex;\n    width: calc(100% - 130px);\n    justify-content: space-between;\n    align-items: center;\n    flex-direction: column;\n}\n\n.recomendadorButtonFixed {\n    margin: 0 auto;\n    background: #1D3557;\n    width: 80%;\n    text-align: center;\n    font-size: 10px;\n    color: #FFF;\n    padding: 2px 10px;\n    border-radius: 3px;\n}\n\n.recomendadorButtonFixed:after {\n    margin-top: -3px;\n    content: \"\u2192\";\n    padding: 0px 0px 0px 10px;\n}\n\n.recomendadorAlertFixed {\n    font-weight: 400;\n    text-align: center;\n    color: #484848;\n    font-size: 8px;\n}\n\n.recomendadorCloseFixed {\n    z-index: 99999;\n    display: none;\n    right: 0px;\n    left: inherit;\n    bottom: 99px;\n    position: fixed;\n    justify-content: center;\n    background: #F6F6F6;\n    width: 25px;\n    align-items: center;\n    height: 25px;\n    font-weight: 800;\n    border-radius: 50%;\n    border: 1px solid #EBEBEB;\n}\n\n.recomendadorV2Desc{\n    color: #000000;\n    margin: 20px 0px;\n}\n\n@media (max-width: 576px) {\n    .recomendadorV2Area {\n      padding: 10px;\n      max-width: 100%;\n    }\n  \n    .recomendadorV2Area1 img {\n      width: 100%;\n      border-radius: 6px;\n    }\n  \n    .recomendadorV2Area2 .recomendadorV2Type {\n      font-size: 9px;\n      letter-spacing: 1px;\n      margin: 8px 0;\n    }\n  \n    .recomendadorV2Title h2 {\n      font-size: 18px !important;\n      margin-bottom: 8px !important;\n      line-height: 1.2;\n    }\n  \n    .recomendadorV2Desc {\n      font-size: 14px;\n      margin: 8px 0 !important;\n      line-height: 1.4;\n    }\n  \n    .recomendadorV2Button {\n      font-size: 12px;\n      height: 30px;\n      padding: 0 12px;\n      max-width: 160px;\n    }\n  \n    .recomendadorV2Button:after {\n      padding-left: 6px;\n    }\n  }\n  <\/style>\n        <div class=\"lazyblock-recomendador-v2-2jDGz wp-block-lazyblock-recomendador-v2\">\n        <a class=\"linkrecomendadorv2\" href=\"https:\/\/diariodepernambuco.com.br\/dpmais\/arrascaeta-assinou-e-ja-tem-data-para-deixar-o-flamengo\/?utm_source=lazy\" target=\"_blank\" rel=\"noopener\">\n            <div class=\"recomendadorV2Area\">\n            <div class=\"recomendadorV2Area1\">\n                <div class=\"recomendadorV2Img\">\n                <img class=\"lazyloaded\" decoding=\"async\" src=\"https:\/\/diariodepernambuco.com.br\/dpmais\/wp-content\/uploads\/2025\/10\/Arrascaeta-675x375.jpg\" data-src=\"https:\/\/diariodepernambuco.com.br\/dpmais\/wp-content\/uploads\/2025\/10\/Arrascaeta-675x375.jpg\" alt=\"\">\n                <\/div>\n            <\/div>\n            <div class=\"recomendadorV2Area2\">\n                <div class=\"recomendadorV2Type\">\n                    <span>Futebol Hoje<\/span>\n                <\/div>\n                <div class=\"recomendadorV2Title\">\n                <h2><span>Arrascaeta decide \ud83d\udd25<\/span><\/h2>\n                <\/div>\n                <div class=\"recomendadorV2Desc\">\n                <span>Meia define sa\u00edda e j\u00e1 tem data marcada<\/span>\n                <\/div>\n                <div class=\"recomendadorV2Button\">Leia mais<\/div>\n                <div class=\"recomendadorV2Alert\"><\/div>\n            <\/div>\n            <\/div>\n        <\/a>\n        <div>\n            <div style=\"z-index:99999;\" id=\"buttonClose\" onclick=\"closeRecomendadorFixed()\">\n            <div class=\"recomendadorCloseFixed\">X<\/div>\n            <\/div>\n            <a href=\"https:\/\/diariodepernambuco.com.br\/dpmais\/arrascaeta-assinou-e-ja-tem-data-para-deixar-o-flamengo\/?utm_source=lazy\" target=\"_blank\" rel=\"noopener\">\n            <div class=\"recomendadorFixedArea\">\n                <div id=\"recomendadorFixed\">\n                <div class=\"recomendadorLeftArea\">\n                    <div class=\"recomendadorImgFixed\">\n                    <img class=\"lazyload\" decoding=\"async\" src=\"https:\/\/diariodepernambuco.com.br\/dpmais\/wp-content\/uploads\/2025\/10\/Arrascaeta-675x375.jpg\" alt=\"\">\n                    <\/div>\n                <\/div>\n                <div class=\"recomendadorRightArea\">\n                    <div class=\"recomendadorTitleFixed\">\n                    <h2><span>Arrascaeta decide \ud83d\udd25<\/span><\/h2>\n                    <\/div>\n                    <div class=\"recomendadorButtonFixed\">Leia mais<\/div>\n                    <div class=\"recomendadorAlertFixed\"><\/div>\n                <\/div>\n                <\/div>\n            <\/div>\n            <\/a>\n        <\/div>\n        <\/div>\n\n\n\n<h2 class=\"wp-block-heading\">As contrata\u00e7\u00f5es mais caras do Flamengo<\/h2>\n\n\n\n<ol class=\"wp-block-list\">\n<li>Samuel Lino &#8211; R$ 143 milh\u00f5es (contratado em 2025)<\/li>\n\n\n\n<li>Alcaraz &#8211; R$ 110,6 milh\u00f5es (contratado em 2024)<\/li>\n\n\n\n<li>Pedro &#8211; R$ 88,2 milh\u00f5es (contratado em 2020)<\/li>\n\n\n\n<li>Gerson &#8211; R$ 85,7 milh\u00f5es (contratado em 2023)<\/li>\n\n\n\n<li>Arrascaeta &#8211; R$ 79,5 milh\u00f5es (contratado em 2019)<\/li>\n\n\n\n<li>De La Cruz &#8211; R$ 77,7 milh\u00f5es (contratado em 2024)<\/li>\n\n\n\n<li>Gabigol &#8211; R$ 78,6 milh\u00f5es (contratado em 2020)<\/li>\n\n\n\n<li>\u00c9verton Cebolinha &#8211; R$ 73 milh\u00f5es (contratado em 2022)<\/li>\n\n\n\n<li>Gerson &#8211; R$ 49,7 milh\u00f5es (contratado em 2019)<\/li>\n\n\n\n<li>Luiz Ara\u00fajo &#8211; R$ 48 milh\u00f5es (contratado em 2023)<\/li>\n<\/ol>\n","protected":false},"excerpt":{"rendered":"<p>L\u00edder do Campeonato Brasileiro e na expectativa pela grande decis\u00e3o da Copa Libertadores da Am\u00e9rica, marcada para o dia 29 deste m\u00eas, o Flamengo tamb\u00e9m j\u00e1 pensa na pr\u00f3xima temporada. Segundo informa\u00e7\u00f5es do portal BolaVip Brasil, o meia Nico De La Cruz, de 28 anos, poder\u00e1 ser negociado na pr\u00f3xima janela de transfer\u00eancias. Sexta contrata\u00e7\u00e3o [&hellip;]<\/p>\n","protected":false},"author":4,"featured_media":9521,"comment_status":"open","ping_status":"open","sticky":false,"template":"","format":"standard","meta":{"jnews-multi-image_gallery":[],"jnews_single_post":{"format":"standard"},"jnews_primary_category":[],"jnews_social_meta":[],"jnews_post_split":[],"footnotes":""},"categories":[1],"tags":[],"class_list":["post-9520","post","type-post","status-publish","format-standard","has-post-thumbnail","hentry","category-uncategorized"],"_links":{"self":[{"href":"https:\/\/diariodepernambuco.audiencelabs.com.br\/wp-json\/wp\/v2\/posts\/9520","targetHints":{"allow":["GET"]}}],"collection":[{"href":"https:\/\/diariodepernambuco.audiencelabs.com.br\/wp-json\/wp\/v2\/posts"}],"about":[{"href":"https:\/\/diariodepernambuco.audiencelabs.com.br\/wp-json\/wp\/v2\/types\/post"}],"author":[{"embeddable":true,"href":"https:\/\/diariodepernambuco.audiencelabs.com.br\/wp-json\/wp\/v2\/users\/4"}],"replies":[{"embeddable":true,"href":"https:\/\/diariodepernambuco.audiencelabs.com.br\/wp-json\/wp\/v2\/comments?post=9520"}],"version-history":[{"count":3,"href":"https:\/\/diariodepernambuco.audiencelabs.com.br\/wp-json\/wp\/v2\/posts\/9520\/revisions"}],"predecessor-version":[{"id":9941,"href":"https:\/\/diariodepernambuco.audiencelabs.com.br\/wp-json\/wp\/v2\/posts\/9520\/revisions\/9941"}],"wp:featuredmedia":[{"embeddable":true,"href":"https:\/\/diariodepernambuco.audiencelabs.com.br\/wp-json\/wp\/v2\/media\/9521"}],"wp:attachment":[{"href":"https:\/\/diariodepernambuco.audiencelabs.com.br\/wp-json\/wp\/v2\/media?parent=9520"}],"wp:term":[{"taxonomy":"category","embeddable":true,"href":"https:\/\/diariodepernambuco.audiencelabs.com.br\/wp-json\/wp\/v2\/categories?post=9520"},{"taxonomy":"post_tag","embeddable":true,"href":"https:\/\/diariodepernambuco.audiencelabs.com.br\/wp-json\/wp\/v2\/tags?post=9520"}],"curies":[{"name":"wp","href":"https:\/\/api.w.org\/{rel}","templated":true}]}}