{"id":9524,"date":"2025-11-18T19:45:00","date_gmt":"2025-11-18T22:45:00","guid":{"rendered":"https:\/\/diariodepernambuco.audiencelabs.com.br\/?p=9524"},"modified":"2025-11-18T15:55:40","modified_gmt":"2025-11-18T18:55:40","slug":"maior-terminal-eletrico-do-pais-sera-inaugurado-logo-veja-onde-sera","status":"publish","type":"post","link":"https:\/\/diariodepernambuco.audiencelabs.com.br\/maior-terminal-eletrico-do-pais-sera-inaugurado-logo-veja-onde-sera\/","title":{"rendered":"Maior terminal el\u00e9trico do pa\u00eds ser\u00e1 inaugurado logo; veja onde ser\u00e1"},"content":{"rendered":"\n<p>O pa\u00eds se prepara para colocar em opera\u00e7\u00e3o uma das principais obras de infraestrutura para mobilidade sustent\u00e1vel j\u00e1 realizadas no transporte el\u00e9trico coletivo brasileiro. <\/p>\n\n\n\n<p>Em breve, Goi\u00e2nia receber\u00e1 o maior terminal el\u00e9trico do Brasil, um ponto de recarga de alta capacidade projetado para atender a nova frota de <a href=\"https:\/\/diariodepernambuco.com.br\/dpmais\/viagem-de-onibus-mais-demorada-do-brasil-dura-3-dias-e-cruza-o-mapa-do-pais\/\" target=\"_blank\" rel=\"noopener\"><strong>\u00f4nibus <\/strong><\/a>totalmente el\u00e9tricos que ser\u00e1 integrada ao BRT da capital. <\/p>\n\n\n\n<p>A inaugura\u00e7\u00e3o marca uma etapa simb\u00f3lica na moderniza\u00e7\u00e3o do corredor metropolitano e refor\u00e7a a meta de redu\u00e7\u00e3o de emiss\u00f5es no sistema p\u00fablico.<\/p>\n\n\n\n<h2 class=\"wp-block-heading\">Maior terminal el\u00e9trico do pa\u00eds ser\u00e1 inaugurado logo: veja onde ser\u00e1<\/h2>\n\n\n\n<p>Localizado no Eletroposto Oeste da Metrobus, o novo terminal foi <a href=\"https:\/\/nansen.com.br\/maior-terminal-publico-de-recarga-de-onibus-eletricos-do-brasil-e-inaugurado\/\" target=\"_blank\" rel=\"noopener\"><strong>planejado<\/strong><\/a> para sustentar a opera\u00e7\u00e3o di\u00e1ria dos ve\u00edculos que circular\u00e3o pelo corredor Anhanguera. <\/p>\n\n\n\n<p>A estrutura foi dimensionada com 6 MVA de pot\u00eancia instalada, o que permite alimentar simultaneamente dezenas de \u00f4nibus. O conjunto inclui carregadores de 240 kW equipados com dois conectores cada, possibilitando o abastecimento de 46 ve\u00edculos ao mesmo tempo. <\/p>\n\n\n<style>@media (min-width: 992px) {\n    .recomendadorV2Area1 {\n        width: 280px;\n    }\n    .recomendadorV2Area2 {\n        padding: 0px 20px;\n        width: calc(100% - 280px);\n    }\n}\n\n@media (max-width: 992px) {\n    .recomendadorV2Button {\n        margin: 0 auto;\n    }\n    .recomendadorV2Area {\n        flex-direction: column;\n        text-align: center;\n    }\n    .recomendadorV2Area2 {\n        padding: 0px 20px;\n    }\n}\n\n.recomendadorV2Area {\n    background: #eeeeee3d;\n    border-radius: 10px;\n    padding: 15px;\n    display: flex;\n    margin: 15px auto;\n    border: 1px solid #00000014;\n    max-width: 800px;\n}\n\n.recomendadorV2Area1 img {\n    width: 280px;\n    height: auto;\n    border-radius: 8px;\n}\n\n.linkrecomendadorv2 {\n    text-decoration: none !important;\n}\n\n.recomendadorV2Area2 .recomendadorV2Type {\n    text-transform: uppercase;\n    font-weight: 500;\n    font-size: 11px;\n    letter-spacing: 2px;\n    color: #666;\n    margin: 12px 0;\n    display: block;\n}\n\n.recomendadorV2Title h2 {\n    padding-top: 0px !important;\n    margin: 0px !important;\n    border-left: none !important;\n    padding-left: 0px !important;\n    line-height: 1.3;\n    color: #000 !important;\n    font-size: 24px;\n    margin-bottom: 12px !important;\n}\n\n.recomendadorV2Desc {\n    color: #333;\n    margin: 12px 0px !important;\n    font-size: 15px;\n    line-height: 1.5;\n}\n\n.recomendadorV2Button {\n    width: auto;\n    max-width: 200px;\n    margin: 0;\n    display: inline-flex;\n    align-items: center;\n    background: #1D3557;\n    border-radius: 8px;\n    color: #fff;\n    height: 36px;\n    justify-content: center;\n    text-align: center;\n    font-size: 14px;\n    padding: 0 20px;\n    transition: background-color 0.2s ease;\n}\n\n.recomendadorV2Button:hover {\n    background: #2a4d7a;\n}\n\n.recomendadorV2Button:after {\n    margin-top: -2px;\n    content: \"\u2192\";\n    padding: 0px 0px 0px 8px;\n}\n\n.recomendadorV2Alert {\n    text-align: left;\n    font-size: 11px;\n    margin-top: 8px;\n    color: #666;\n}\n\n.recomendadorFixedArea {\n    width: 100%;\n    display: flex;\n    justify-content: center;\n    align-items: center;\n}\n\n@media (min-width: 992px) {\n    #recomendadorFixed {\n        width: 32% !important;\n        left: 5%;\n    }\n    .recomendadorCloseFixed{\n        right: inherit !important;\n        left: 378px !important;\n    }\n}\n\n#recomendadorFixed {\n    width: 90%;\n    box-shadow: 0 10px 20px 0px #00000057;\n    display: none;\n    height: 90px;\n    background: #F6F6F6;\n    position: fixed;\n    flex-direction: row;\n    bottom: 10px;\n    z-index: 9999;\n    border-radius: 16px;\n    padding: 7px 10px;\n}\n\n.recomendadorLeftArea {\n    width: 160px;\n}\n\n.recomendadorRightArea h2 {\n    padding-top: 0px;\n    margin: 2px 0px 4px 0px !important;\n    font-weight: 400;\n    text-align: center;\n    padding-left: 0px !important;\n    color: #000 !important;\n    border-left: none !important;\n    line-height: 20px;\n    font-size: 12px !important;\n}\n\n.recomendadorImgFixed {\n    overflow: hidden;\n    padding: 8px 6px;\n    height: 100%;\n}\n\n.recomendadorImgFixed img {\n    height: 100% !important;\n    border-radius: 16px;\n}\n\n.recomendadorRightArea {\n    padding-top: 6px;\n    display: flex;\n    width: calc(100% - 130px);\n    justify-content: space-between;\n    align-items: center;\n    flex-direction: column;\n}\n\n.recomendadorButtonFixed {\n    margin: 0 auto;\n    background: #1D3557;\n    width: 80%;\n    text-align: center;\n    font-size: 10px;\n    color: #FFF;\n    padding: 2px 10px;\n    border-radius: 3px;\n}\n\n.recomendadorButtonFixed:after {\n    margin-top: -3px;\n    content: \"\u2192\";\n    padding: 0px 0px 0px 10px;\n}\n\n.recomendadorAlertFixed {\n    font-weight: 400;\n    text-align: center;\n    color: #484848;\n    font-size: 8px;\n}\n\n.recomendadorCloseFixed {\n    z-index: 99999;\n    display: none;\n    right: 0px;\n    left: inherit;\n    bottom: 99px;\n    position: fixed;\n    justify-content: center;\n    background: #F6F6F6;\n    width: 25px;\n    align-items: center;\n    height: 25px;\n    font-weight: 800;\n    border-radius: 50%;\n    border: 1px solid #EBEBEB;\n}\n\n.recomendadorV2Desc{\n    color: #000000;\n    margin: 20px 0px;\n}\n\n@media (max-width: 576px) {\n    .recomendadorV2Area {\n      padding: 10px;\n      max-width: 100%;\n    }\n  \n    .recomendadorV2Area1 img {\n      width: 100%;\n      border-radius: 6px;\n    }\n  \n    .recomendadorV2Area2 .recomendadorV2Type {\n      font-size: 9px;\n      letter-spacing: 1px;\n      margin: 8px 0;\n    }\n  \n    .recomendadorV2Title h2 {\n      font-size: 18px !important;\n      margin-bottom: 8px !important;\n      line-height: 1.2;\n    }\n  \n    .recomendadorV2Desc {\n      font-size: 14px;\n      margin: 8px 0 !important;\n      line-height: 1.4;\n    }\n  \n    .recomendadorV2Button {\n      font-size: 12px;\n      height: 30px;\n      padding: 0 12px;\n      max-width: 160px;\n    }\n  \n    .recomendadorV2Button:after {\n      padding-left: 6px;\n    }\n  }\n  <\/style>\n        <div class=\"lazyblock-recomendador-v2-2jDGz wp-block-lazyblock-recomendador-v2\">\n        <a class=\"linkrecomendadorv2\" href=\"https:\/\/diariodepernambuco.com.br\/dpmais\/cidade-escondida-no-brasil-tem-mais-cabecas-de-gados-do-que-pessoas-e-vira-atracao-para-quem-gosta-de-explorar\/?utm_source=lazy\" target=\"_blank\" rel=\"noopener\">\n            <div class=\"recomendadorV2Area\">\n            <div class=\"recomendadorV2Area1\">\n                <div class=\"recomendadorV2Img\">\n                <img class=\"lazyloaded\" decoding=\"async\" src=\"https:\/\/diariodepernambuco.com.br\/dpmais\/wp-content\/uploads\/2025\/11\/biritiba-1140x570.jpg\" data-src=\"https:\/\/diariodepernambuco.com.br\/dpmais\/wp-content\/uploads\/2025\/11\/biritiba-1140x570.jpg\" alt=\"\">\n                <\/div>\n            <\/div>\n            <div class=\"recomendadorV2Area2\">\n                <div class=\"recomendadorV2Type\">\n                    <span>Curiosidade Rural<\/span>\n                <\/div>\n                <div class=\"recomendadorV2Title\">\n                <h2><span>Cidade inusitada \ud83d\udc2e<\/span><\/h2>\n                <\/div>\n                <div class=\"recomendadorV2Desc\">\n                <span>Conhe\u00e7a o lugar com mais gado que gente<\/span>\n                <\/div>\n                <div class=\"recomendadorV2Button\">Descubra agora<\/div>\n                <div class=\"recomendadorV2Alert\"><\/div>\n            <\/div>\n            <\/div>\n        <\/a>\n        <div>\n            <div style=\"z-index:99999;\" id=\"buttonClose\" onclick=\"closeRecomendadorFixed()\">\n            <div class=\"recomendadorCloseFixed\">X<\/div>\n            <\/div>\n            <a href=\"https:\/\/diariodepernambuco.com.br\/dpmais\/cidade-escondida-no-brasil-tem-mais-cabecas-de-gados-do-que-pessoas-e-vira-atracao-para-quem-gosta-de-explorar\/?utm_source=lazy\" target=\"_blank\" rel=\"noopener\">\n            <div class=\"recomendadorFixedArea\">\n                <div id=\"recomendadorFixed\">\n                <div class=\"recomendadorLeftArea\">\n                    <div class=\"recomendadorImgFixed\">\n                    <img class=\"lazyload\" decoding=\"async\" src=\"https:\/\/diariodepernambuco.com.br\/dpmais\/wp-content\/uploads\/2025\/11\/biritiba-1140x570.jpg\" alt=\"\">\n                    <\/div>\n                <\/div>\n                <div class=\"recomendadorRightArea\">\n                    <div class=\"recomendadorTitleFixed\">\n                    <h2><span>Cidade inusitada \ud83d\udc2e<\/span><\/h2>\n                    <\/div>\n                    <div class=\"recomendadorButtonFixed\">Descubra agora<\/div>\n                    <div class=\"recomendadorAlertFixed\"><\/div>\n                <\/div>\n                <\/div>\n            <\/div>\n            <\/a>\n        <\/div>\n        <\/div>\n\n\n\n<p>Essa capacidade aproxima Goi\u00e2nia de centros internacionais que adotaram transporte el\u00e9trico em larga escala, como Shenzhen e Oslo.<\/p>\n\n\n\n<p>A entrega est\u00e1 prevista para ocorrer junto ao avan\u00e7o das obras do Projeto Nova Anhanguera, respons\u00e1vel por reorganizar linhas, redesenhar o fluxo do corredor e substituir gradualmente os \u00f4nibus a diesel que ainda comp\u00f5em parte da frota. <\/p>\n\n\n\n<p>A meta \u00e9 concluir a fase final de implanta\u00e7\u00e3o do terminal a tempo de acompanhar a chegada dos novos ve\u00edculos, garantindo que a opera\u00e7\u00e3o el\u00e9trica comece com infraestrutura plena e segura.<\/p>\n\n\n\n<h3 class=\"wp-block-heading\">Terminal el\u00e9trico foi pensado para evitar interrup\u00e7\u00f5es <\/h3>\n\n\n\n<p>O terminal n\u00e3o se limita aos carregadores fixos. Uma das inova\u00e7\u00f5es mais aguardadas \u00e9 a incorpora\u00e7\u00e3o do primeiro sistema m\u00f3vel de armazenamento de energia para uso comercial em um corredor de transporte no Brasil. <\/p>\n\n\n\n<p>Trata-se de um BESS m\u00f3vel, uma bateria de 50 kWh e 60 kW de pot\u00eancia que pode ser deslocada pela garagem para refor\u00e7ar a recarga em momentos cr\u00edticos. <\/p>\n\n\n\n<p>Esse recurso funciona como um apoio estrat\u00e9gico em situa\u00e7\u00f5es de instabilidade da rede ou quando h\u00e1 necessidade de abastecimento emergencial.<\/p>\n\n\n\n<p>Com redund\u00e2ncias el\u00e9tricas, capacidade de atender picos de demanda e autonomia para estabilizar o consumo de energia, o terminal foi pensado para evitar interrup\u00e7\u00f5es e manter a regularidade das viagens ao longo do dia. <\/p>\n\n\n\n<p>Para a popula\u00e7\u00e3o, isso significa \u00f4nibus dispon\u00edveis em maior quantidade, menor tempo parado em garagem e redu\u00e7\u00e3o de custos operacionais que tende a impactar positivamente o servi\u00e7o. <\/p>\n\n\n\n<p>A expectativa \u00e9 que Goi\u00e2nia se torne refer\u00eancia nacional em mobilidade el\u00e9trica e que a experi\u00eancia abra caminho para projetos semelhantes em outras capitais.<\/p>\n","protected":false},"excerpt":{"rendered":"<p>O pa\u00eds se prepara para colocar em opera\u00e7\u00e3o uma das principais obras de infraestrutura para mobilidade sustent\u00e1vel j\u00e1 realizadas no transporte el\u00e9trico coletivo brasileiro. Em breve, Goi\u00e2nia receber\u00e1 o maior terminal el\u00e9trico do Brasil, um ponto de recarga de alta capacidade projetado para atender a nova frota de \u00f4nibus totalmente el\u00e9tricos que ser\u00e1 integrada ao [&hellip;]<\/p>\n","protected":false},"author":12,"featured_media":9525,"comment_status":"open","ping_status":"open","sticky":false,"template":"","format":"standard","meta":{"jnews-multi-image_gallery":[],"jnews_single_post":{"format":"standard"},"jnews_primary_category":[],"jnews_social_meta":[],"jnews_post_split":[],"footnotes":""},"categories":[1],"tags":[],"class_list":["post-9524","post","type-post","status-publish","format-standard","has-post-thumbnail","hentry","category-uncategorized"],"_links":{"self":[{"href":"https:\/\/diariodepernambuco.audiencelabs.com.br\/wp-json\/wp\/v2\/posts\/9524","targetHints":{"allow":["GET"]}}],"collection":[{"href":"https:\/\/diariodepernambuco.audiencelabs.com.br\/wp-json\/wp\/v2\/posts"}],"about":[{"href":"https:\/\/diariodepernambuco.audiencelabs.com.br\/wp-json\/wp\/v2\/types\/post"}],"author":[{"embeddable":true,"href":"https:\/\/diariodepernambuco.audiencelabs.com.br\/wp-json\/wp\/v2\/users\/12"}],"replies":[{"embeddable":true,"href":"https:\/\/diariodepernambuco.audiencelabs.com.br\/wp-json\/wp\/v2\/comments?post=9524"}],"version-history":[{"count":3,"href":"https:\/\/diariodepernambuco.audiencelabs.com.br\/wp-json\/wp\/v2\/posts\/9524\/revisions"}],"predecessor-version":[{"id":9623,"href":"https:\/\/diariodepernambuco.audiencelabs.com.br\/wp-json\/wp\/v2\/posts\/9524\/revisions\/9623"}],"wp:featuredmedia":[{"embeddable":true,"href":"https:\/\/diariodepernambuco.audiencelabs.com.br\/wp-json\/wp\/v2\/media\/9525"}],"wp:attachment":[{"href":"https:\/\/diariodepernambuco.audiencelabs.com.br\/wp-json\/wp\/v2\/media?parent=9524"}],"wp:term":[{"taxonomy":"category","embeddable":true,"href":"https:\/\/diariodepernambuco.audiencelabs.com.br\/wp-json\/wp\/v2\/categories?post=9524"},{"taxonomy":"post_tag","embeddable":true,"href":"https:\/\/diariodepernambuco.audiencelabs.com.br\/wp-json\/wp\/v2\/tags?post=9524"}],"curies":[{"name":"wp","href":"https:\/\/api.w.org\/{rel}","templated":true}]}}