{"id":9538,"date":"2025-11-18T11:57:34","date_gmt":"2025-11-18T14:57:34","guid":{"rendered":"https:\/\/diariodepernambuco.audiencelabs.com.br\/?p=9538"},"modified":"2025-11-18T14:16:44","modified_gmt":"2025-11-18T17:16:44","slug":"justica-surpreende-e-ordena-fechamento-imediato-no-palmeiras-clube-entra-em-desespero","status":"publish","type":"post","link":"https:\/\/diariodepernambuco.audiencelabs.com.br\/justica-surpreende-e-ordena-fechamento-imediato-no-palmeiras-clube-entra-em-desespero\/","title":{"rendered":"Justi\u00e7a surpreende e ordena fechamento imediato no Palmeiras: clube entra em desespero"},"content":{"rendered":"\n<p>A Justi\u00e7a determinou a demoli\u00e7\u00e3o da Academia de Futebol 2, centro de treinamento das categorias de base do Palmeiras localizado em Guarulhos (SP). O clube j\u00e1 anunciou que pretende recorrer da decis\u00e3o de primeira inst\u00e2ncia. A a\u00e7\u00e3o, movida pelo Minist\u00e9rio P\u00fablico em 2012, teve sua senten\u00e7a emitida na \u00faltima sexta-feira pela 1\u00aa Vara da Fazenda P\u00fablica de Guarulhos.<\/p>\n\n\n\n<h2 class=\"wp-block-heading\">Palmeiras n\u00e3o cumpriu as contrapartidas<\/h2>\n\n\n\n<p>Segundo o Minist\u00e9rio P\u00fablico, o processo foi instaurado porque o Palmeiras n\u00e3o cumpriu as contrapartidas exigidas quando recebeu, em 1998, o terreno situado no Parque Ecol\u00f3gico do Tiet\u00ea. O acordo firmado com o Daee (Departamento de \u00c1guas e Energia El\u00e9trica do Estado de S\u00e3o Paulo) cede a \u00e1rea ao clube por um per\u00edodo de 50 anos.<\/p>\n\n\n\n<p>A Academia de Futebol 2 foi inaugurada em 2002. Segundo o Minist\u00e9rio P\u00fablico, entre as contrapartidas que o Palmeiras deixou de cumprir estaria a manuten\u00e7\u00e3o de um posto de vigil\u00e2ncia 24 horas para evitar invas\u00f5es ao parque, al\u00e9m da suposta contribui\u00e7\u00e3o para um processo de degrada\u00e7\u00e3o ambiental na \u00e1rea.<\/p>\n\n\n\n<p>No processo, conforme publicado pelo UOL, o Palmeiras argumentou que recuperou o terreno onde hoje funciona o centro de treinamento, retirando-o de um estado de abandono marcado por lixo e ocupa\u00e7\u00f5es irregulares. O clube tamb\u00e9m afirmou que investe na seguran\u00e7a local e que n\u00e3o provoca danos ambientais.<\/p>\n\n\n\n<p>Ao longo da \u00faltima d\u00e9cada, o Palmeiras intensificou os investimentos na moderniza\u00e7\u00e3o da estrutura do CT de Guarulhos. A \u00e1rea, que possui 45 mil m\u00b2, conta com cinco campos \u2014 incluindo um sint\u00e9tico \u2014 e um terr\u00e3o utilizado pelos times do sub-10 ao sub-14 nos treinos semanais. No ano passado, o clube anunciou novas melhorias, como atualiza\u00e7\u00f5es na academia e nos departamentos de medicina, fisioterapia e nutri\u00e7\u00e3o.<\/p>\n\n\n\n<p><\/p>\n","protected":false},"excerpt":{"rendered":"<p>A Justi\u00e7a determinou a demoli\u00e7\u00e3o da Academia de Futebol 2, centro de treinamento das categorias de base do Palmeiras localizado em Guarulhos (SP). O clube j\u00e1 anunciou que pretende recorrer da decis\u00e3o de primeira inst\u00e2ncia. A a\u00e7\u00e3o, movida pelo Minist\u00e9rio P\u00fablico em 2012, teve sua senten\u00e7a emitida na \u00faltima sexta-feira pela 1\u00aa Vara da Fazenda [&hellip;]<\/p>\n","protected":false},"author":4,"featured_media":9539,"comment_status":"open","ping_status":"open","sticky":false,"template":"","format":"standard","meta":{"jnews-multi-image_gallery":[],"jnews_single_post":{"format":"standard"},"jnews_primary_category":[],"jnews_social_meta":[],"jnews_post_split":[],"footnotes":""},"categories":[1],"tags":[],"class_list":["post-9538","post","type-post","status-publish","format-standard","has-post-thumbnail","hentry","category-uncategorized"],"_links":{"self":[{"href":"https:\/\/diariodepernambuco.audiencelabs.com.br\/wp-json\/wp\/v2\/posts\/9538","targetHints":{"allow":["GET"]}}],"collection":[{"href":"https:\/\/diariodepernambuco.audiencelabs.com.br\/wp-json\/wp\/v2\/posts"}],"about":[{"href":"https:\/\/diariodepernambuco.audiencelabs.com.br\/wp-json\/wp\/v2\/types\/post"}],"author":[{"embeddable":true,"href":"https:\/\/diariodepernambuco.audiencelabs.com.br\/wp-json\/wp\/v2\/users\/4"}],"replies":[{"embeddable":true,"href":"https:\/\/diariodepernambuco.audiencelabs.com.br\/wp-json\/wp\/v2\/comments?post=9538"}],"version-history":[{"count":2,"href":"https:\/\/diariodepernambuco.audiencelabs.com.br\/wp-json\/wp\/v2\/posts\/9538\/revisions"}],"predecessor-version":[{"id":9595,"href":"https:\/\/diariodepernambuco.audiencelabs.com.br\/wp-json\/wp\/v2\/posts\/9538\/revisions\/9595"}],"wp:featuredmedia":[{"embeddable":true,"href":"https:\/\/diariodepernambuco.audiencelabs.com.br\/wp-json\/wp\/v2\/media\/9539"}],"wp:attachment":[{"href":"https:\/\/diariodepernambuco.audiencelabs.com.br\/wp-json\/wp\/v2\/media?parent=9538"}],"wp:term":[{"taxonomy":"category","embeddable":true,"href":"https:\/\/diariodepernambuco.audiencelabs.com.br\/wp-json\/wp\/v2\/categories?post=9538"},{"taxonomy":"post_tag","embeddable":true,"href":"https:\/\/diariodepernambuco.audiencelabs.com.br\/wp-json\/wp\/v2\/tags?post=9538"}],"curies":[{"name":"wp","href":"https:\/\/api.w.org\/{rel}","templated":true}]}}