{"id":9545,"date":"2025-11-19T09:30:00","date_gmt":"2025-11-19T12:30:00","guid":{"rendered":"https:\/\/diariodepernambuco.audiencelabs.com.br\/?p=9545"},"modified":"2025-11-18T12:16:30","modified_gmt":"2025-11-18T15:16:30","slug":"revelado-o-motivo-de-estar-chovendo-tanto-nos-ultimos-dias","status":"publish","type":"post","link":"https:\/\/diariodepernambuco.audiencelabs.com.br\/revelado-o-motivo-de-estar-chovendo-tanto-nos-ultimos-dias\/","title":{"rendered":"Revelado o motivo de estar chovendo tanto nos \u00faltimos dias"},"content":{"rendered":"\n<p>Assim como ocorreu nos \u00faltimos dias, a terceira semana de novembro come\u00e7ou com mais um alerta de temporais em v\u00e1rias partes do pa\u00eds. De acordo com o Instituto Nacional de Meteorologia (Inmet), a aten\u00e7\u00e3o se concentra nas regi\u00f5es Sul, Sudeste e Centro-Oeste, com destaque para S\u00e3o Paulo, Rio de Janeiro e Minas Gerais, que est\u00e3o sob influ\u00eancia de uma nova frente fria.<\/p>\n\n\n\n<p>O alerta divulgado pelo Inmet foi classificado com grau de severidade \u201cperigo\u201d. Os acumulados de chuva podem chegar a 100 mil\u00edmetros, com risco de queda de granizo, queda de \u00e1rvores, alagamentos e danos em \u00e1reas agr\u00edcolas.<\/p>\n\n\n\n<p>O sistema respons\u00e1vel pelas chuvas e pela queda nas temperaturas atingiu o Rio Grande do Sul no fim de semana, associado \u00e0 forma\u00e7\u00e3o de um ciclone extratropical no Rio da Prata, na divisa entre Argentina e Uruguai. Ap\u00f3s provocar instabilidades em Santa Catarina e no Paran\u00e1, a frente fria avan\u00e7a para o Sudeste, onde permanece estacionada entre S\u00e3o Paulo e Rio de Janeiro.<\/p>\n\n\n\n<p>Segundo Celso Luis de Oliveira Filho, meteorologista da Tempo OK, embora a situa\u00e7\u00e3o inspire aten\u00e7\u00e3o, esse tipo de ocorr\u00eancia \u00e9 comum durante o per\u00edodo chuvoso no Brasil, que costuma registrar epis\u00f3dios mais intensos a partir de outubro.<\/p>\n\n\n\n<p>&#8220;\u00c9 dif\u00edcil falar em t\u00e9rmino das tempestades at\u00e9 o fim dessa fase. Neste contexto, o que podemos afirmar \u00e9 que as tempestades mudar\u00e3o de posi\u00e7\u00e3o nos pr\u00f3ximos dias. Do Sul, elas come\u00e7ar\u00e3o a acontecer entre as regi\u00f5es Norte e Nordeste, al\u00e9m dos Estados de Minas Gerais, Esp\u00edrito Santo, Goi\u00e1s e Mato Grosso, onde o risco \u00e9 de forma\u00e7\u00e3o de enxurradas nos centros urbanos&#8221;, disse.<\/p>\n\n\n\n<p><\/p>\n","protected":false},"excerpt":{"rendered":"<p>Assim como ocorreu nos \u00faltimos dias, a terceira semana de novembro come\u00e7ou com mais um alerta de temporais em v\u00e1rias partes do pa\u00eds. De acordo com o Instituto Nacional de Meteorologia (Inmet), a aten\u00e7\u00e3o se concentra nas regi\u00f5es Sul, Sudeste e Centro-Oeste, com destaque para S\u00e3o Paulo, Rio de Janeiro e Minas Gerais, que est\u00e3o [&hellip;]<\/p>\n","protected":false},"author":4,"featured_media":9547,"comment_status":"open","ping_status":"open","sticky":false,"template":"","format":"standard","meta":{"jnews-multi-image_gallery":[],"jnews_single_post":{"format":"standard"},"jnews_primary_category":[],"jnews_social_meta":[],"jnews_post_split":[],"footnotes":""},"categories":[1],"tags":[],"class_list":["post-9545","post","type-post","status-publish","format-standard","has-post-thumbnail","hentry","category-uncategorized"],"_links":{"self":[{"href":"https:\/\/diariodepernambuco.audiencelabs.com.br\/wp-json\/wp\/v2\/posts\/9545","targetHints":{"allow":["GET"]}}],"collection":[{"href":"https:\/\/diariodepernambuco.audiencelabs.com.br\/wp-json\/wp\/v2\/posts"}],"about":[{"href":"https:\/\/diariodepernambuco.audiencelabs.com.br\/wp-json\/wp\/v2\/types\/post"}],"author":[{"embeddable":true,"href":"https:\/\/diariodepernambuco.audiencelabs.com.br\/wp-json\/wp\/v2\/users\/4"}],"replies":[{"embeddable":true,"href":"https:\/\/diariodepernambuco.audiencelabs.com.br\/wp-json\/wp\/v2\/comments?post=9545"}],"version-history":[{"count":2,"href":"https:\/\/diariodepernambuco.audiencelabs.com.br\/wp-json\/wp\/v2\/posts\/9545\/revisions"}],"predecessor-version":[{"id":9549,"href":"https:\/\/diariodepernambuco.audiencelabs.com.br\/wp-json\/wp\/v2\/posts\/9545\/revisions\/9549"}],"wp:featuredmedia":[{"embeddable":true,"href":"https:\/\/diariodepernambuco.audiencelabs.com.br\/wp-json\/wp\/v2\/media\/9547"}],"wp:attachment":[{"href":"https:\/\/diariodepernambuco.audiencelabs.com.br\/wp-json\/wp\/v2\/media?parent=9545"}],"wp:term":[{"taxonomy":"category","embeddable":true,"href":"https:\/\/diariodepernambuco.audiencelabs.com.br\/wp-json\/wp\/v2\/categories?post=9545"},{"taxonomy":"post_tag","embeddable":true,"href":"https:\/\/diariodepernambuco.audiencelabs.com.br\/wp-json\/wp\/v2\/tags?post=9545"}],"curies":[{"name":"wp","href":"https:\/\/api.w.org\/{rel}","templated":true}]}}