{"id":9551,"date":"2025-11-19T10:30:00","date_gmt":"2025-11-19T13:30:00","guid":{"rendered":"https:\/\/diariodepernambuco.audiencelabs.com.br\/?p=9551"},"modified":"2025-11-19T14:13:05","modified_gmt":"2025-11-19T17:13:05","slug":"vidente-joga-as-cartas-e-revela-quem-deve-ser-o-campeao-da-libertadores","status":"publish","type":"post","link":"https:\/\/diariodepernambuco.audiencelabs.com.br\/vidente-joga-as-cartas-e-revela-quem-deve-ser-o-campeao-da-libertadores\/","title":{"rendered":"Vidente joga as cartas e revela quem deve ser o campe\u00e3o da Libertadores"},"content":{"rendered":"\n<p>Dois dos clubes mais vitoriosos do futebol brasileiro, Flamengo e Palmeiras se enfrentam no pr\u00f3ximo dia 29 para alcan\u00e7arem um feito jamais alcan\u00e7ado por equipes do pa\u00eds: o tetracampeonato da Copa Libertadores da Am\u00e9rica. Ambos com tr\u00eas conquistas cada, os rivais decidem a grande final da atual edi\u00e7\u00e3o no Est\u00e1dio Monumental de Lima, no Peru.<\/p>\n\n\n\n<p>Antes da bola rolar, o tar\u00f3logo Maur\u00edcio, do canal \u201cFan\u00e1tticos&#8221;, destrinchou o que as cartas dizem da hist\u00f3rica decis\u00e3o. Segundo ele, o jogo apresenta um cen\u00e1rio dividido, com comportamentos diferentes para cada equipe ao longo dos 90 minutos.<\/p>\n\n\n\n<p>As cartas indicam que o Palmeiras chega \u00e0 final da Libertadores com a confian\u00e7a em alta. Maur\u00edcio revelou que a equipe de Abel Ferreira surge \u201ccome\u00e7ando o jogo com equil\u00edbrio e firmeza\u201d, com chances de dominar os primeiros instantes da partida. De acordo com a leitura, esse in\u00edcio mais consistente pode fazer com que o time alviverde se sobressaia nos minutos iniciais.<\/p>\n\n\n\n<p>Maur\u00edcio tamb\u00e9m analisou o Flamengo nas cartas. De acordo com ele, o time rubro-negro demonstra maior regularidade ao longo da final. A defesa surge como elemento-chave para manter a equipe est\u00e1vel, sobretudo na constru\u00e7\u00e3o das jogadas ofensivas, que, segundo o tar\u00f3logo, tendem a ganhar mais intensidade no segundo tempo.<\/p>\n\n\n\n<p>A previs\u00e3o apresentada no canal \u201cFan\u00e1tticos\u201d tamb\u00e9m levantou a possibilidade de a final ser definida nos p\u00eanaltis. Mesmo assim, Maur\u00edcio destacou que o desfecho pode ocorrer no tempo normal, a depender do desempenho das equipes nos minutos decisivos. De acordo com ele, as cartas indicam uma \u201cligeira tend\u00eancia favor\u00e1vel ao Flamengo\u201d.<\/p>\n\n\n\n<h2 class=\"wp-block-heading\">Os clubes campe\u00f5es da Copa Libertadores<\/h2>\n\n\n<style>@media (min-width: 992px) {\n    .recomendadorV2Area1 {\n        width: 280px;\n    }\n    .recomendadorV2Area2 {\n        padding: 0px 20px;\n        width: calc(100% - 280px);\n    }\n}\n\n@media (max-width: 992px) {\n    .recomendadorV2Button {\n        margin: 0 auto;\n    }\n    .recomendadorV2Area {\n        flex-direction: column;\n        text-align: center;\n    }\n    .recomendadorV2Area2 {\n        padding: 0px 20px;\n    }\n}\n\n.recomendadorV2Area {\n    background: #eeeeee3d;\n    border-radius: 10px;\n    padding: 15px;\n    display: flex;\n    margin: 15px auto;\n    border: 1px solid #00000014;\n    max-width: 800px;\n}\n\n.recomendadorV2Area1 img {\n    width: 280px;\n    height: auto;\n    border-radius: 8px;\n}\n\n.linkrecomendadorv2 {\n    text-decoration: none !important;\n}\n\n.recomendadorV2Area2 .recomendadorV2Type {\n    text-transform: uppercase;\n    font-weight: 500;\n    font-size: 11px;\n    letter-spacing: 2px;\n    color: #666;\n    margin: 12px 0;\n    display: block;\n}\n\n.recomendadorV2Title h2 {\n    padding-top: 0px !important;\n    margin: 0px !important;\n    border-left: none !important;\n    padding-left: 0px !important;\n    line-height: 1.3;\n    color: #000 !important;\n    font-size: 24px;\n    margin-bottom: 12px !important;\n}\n\n.recomendadorV2Desc {\n    color: #333;\n    margin: 12px 0px !important;\n    font-size: 15px;\n    line-height: 1.5;\n}\n\n.recomendadorV2Button {\n    width: auto;\n    max-width: 200px;\n    margin: 0;\n    display: inline-flex;\n    align-items: center;\n    background: #1D3557;\n    border-radius: 8px;\n    color: #fff;\n    height: 36px;\n    justify-content: center;\n    text-align: center;\n    font-size: 14px;\n    padding: 0 20px;\n    transition: background-color 0.2s ease;\n}\n\n.recomendadorV2Button:hover {\n    background: #2a4d7a;\n}\n\n.recomendadorV2Button:after {\n    margin-top: -2px;\n    content: \"\u2192\";\n    padding: 0px 0px 0px 8px;\n}\n\n.recomendadorV2Alert {\n    text-align: left;\n    font-size: 11px;\n    margin-top: 8px;\n    color: #666;\n}\n\n.recomendadorFixedArea {\n    width: 100%;\n    display: flex;\n    justify-content: center;\n    align-items: center;\n}\n\n@media (min-width: 992px) {\n    #recomendadorFixed {\n        width: 32% !important;\n        left: 5%;\n    }\n    .recomendadorCloseFixed{\n        right: inherit !important;\n        left: 378px !important;\n    }\n}\n\n#recomendadorFixed {\n    width: 90%;\n    box-shadow: 0 10px 20px 0px #00000057;\n    display: none;\n    height: 90px;\n    background: #F6F6F6;\n    position: fixed;\n    flex-direction: row;\n    bottom: 10px;\n    z-index: 9999;\n    border-radius: 16px;\n    padding: 7px 10px;\n}\n\n.recomendadorLeftArea {\n    width: 160px;\n}\n\n.recomendadorRightArea h2 {\n    padding-top: 0px;\n    margin: 2px 0px 4px 0px !important;\n    font-weight: 400;\n    text-align: center;\n    padding-left: 0px !important;\n    color: #000 !important;\n    border-left: none !important;\n    line-height: 20px;\n    font-size: 12px !important;\n}\n\n.recomendadorImgFixed {\n    overflow: hidden;\n    padding: 8px 6px;\n    height: 100%;\n}\n\n.recomendadorImgFixed img {\n    height: 100% !important;\n    border-radius: 16px;\n}\n\n.recomendadorRightArea {\n    padding-top: 6px;\n    display: flex;\n    width: calc(100% - 130px);\n    justify-content: space-between;\n    align-items: center;\n    flex-direction: column;\n}\n\n.recomendadorButtonFixed {\n    margin: 0 auto;\n    background: #1D3557;\n    width: 80%;\n    text-align: center;\n    font-size: 10px;\n    color: #FFF;\n    padding: 2px 10px;\n    border-radius: 3px;\n}\n\n.recomendadorButtonFixed:after {\n    margin-top: -3px;\n    content: \"\u2192\";\n    padding: 0px 0px 0px 10px;\n}\n\n.recomendadorAlertFixed {\n    font-weight: 400;\n    text-align: center;\n    color: #484848;\n    font-size: 8px;\n}\n\n.recomendadorCloseFixed {\n    z-index: 99999;\n    display: none;\n    right: 0px;\n    left: inherit;\n    bottom: 99px;\n    position: fixed;\n    justify-content: center;\n    background: #F6F6F6;\n    width: 25px;\n    align-items: center;\n    height: 25px;\n    font-weight: 800;\n    border-radius: 50%;\n    border: 1px solid #EBEBEB;\n}\n\n.recomendadorV2Desc{\n    color: #000000;\n    margin: 20px 0px;\n}\n\n@media (max-width: 576px) {\n    .recomendadorV2Area {\n      padding: 10px;\n      max-width: 100%;\n    }\n  \n    .recomendadorV2Area1 img {\n      width: 100%;\n      border-radius: 6px;\n    }\n  \n    .recomendadorV2Area2 .recomendadorV2Type {\n      font-size: 9px;\n      letter-spacing: 1px;\n      margin: 8px 0;\n    }\n  \n    .recomendadorV2Title h2 {\n      font-size: 18px !important;\n      margin-bottom: 8px !important;\n      line-height: 1.2;\n    }\n  \n    .recomendadorV2Desc {\n      font-size: 14px;\n      margin: 8px 0 !important;\n      line-height: 1.4;\n    }\n  \n    .recomendadorV2Button {\n      font-size: 12px;\n      height: 30px;\n      padding: 0 12px;\n      max-width: 160px;\n    }\n  \n    .recomendadorV2Button:after {\n      padding-left: 6px;\n    }\n  }\n  <\/style>\n        <div class=\"lazyblock-recomendador-v2-2jDGz wp-block-lazyblock-recomendador-v2\">\n        <a class=\"linkrecomendadorv2\" href=\"https:\/\/diariodepernambuco.com.br\/dpmais\/urgente-pedro-se-despede-e-esta-fora-no-flamengo\/?utm_source=lazy\" target=\"_blank\" rel=\"noopener\">\n            <div class=\"recomendadorV2Area\">\n            <div class=\"recomendadorV2Area1\">\n                <div class=\"recomendadorV2Img\">\n                <img class=\"lazyloaded\" decoding=\"async\" src=\"https:\/\/diariodepernambuco.com.br\/dpmais\/wp-content\/uploads\/2025\/11\/Pedro-Flamengo-1140x570.jpg\" data-src=\"https:\/\/diariodepernambuco.com.br\/dpmais\/wp-content\/uploads\/2025\/11\/Pedro-Flamengo-1140x570.jpg\" alt=\"\">\n                <\/div>\n            <\/div>\n            <div class=\"recomendadorV2Area2\">\n                <div class=\"recomendadorV2Type\">\n                    <span>Esporte Hoje<\/span>\n                <\/div>\n                <div class=\"recomendadorV2Title\">\n                <h2><span>Pedro fora \ud83d\udd25<\/span><\/h2>\n                <\/div>\n                <div class=\"recomendadorV2Desc\">\n                <span>Atacante se despede e est\u00e1 fora do Flamengo<\/span>\n                <\/div>\n                <div class=\"recomendadorV2Button\">Ver detalhes<\/div>\n                <div class=\"recomendadorV2Alert\"><\/div>\n            <\/div>\n            <\/div>\n        <\/a>\n        <div>\n            <div style=\"z-index:99999;\" id=\"buttonClose\" onclick=\"closeRecomendadorFixed()\">\n            <div class=\"recomendadorCloseFixed\">X<\/div>\n            <\/div>\n            <a href=\"https:\/\/diariodepernambuco.com.br\/dpmais\/urgente-pedro-se-despede-e-esta-fora-no-flamengo\/?utm_source=lazy\" target=\"_blank\" rel=\"noopener\">\n            <div class=\"recomendadorFixedArea\">\n                <div id=\"recomendadorFixed\">\n                <div class=\"recomendadorLeftArea\">\n                    <div class=\"recomendadorImgFixed\">\n                    <img class=\"lazyload\" decoding=\"async\" src=\"https:\/\/diariodepernambuco.com.br\/dpmais\/wp-content\/uploads\/2025\/11\/Pedro-Flamengo-1140x570.jpg\" alt=\"\">\n                    <\/div>\n                <\/div>\n                <div class=\"recomendadorRightArea\">\n                    <div class=\"recomendadorTitleFixed\">\n                    <h2><span>Pedro fora \ud83d\udd25<\/span><\/h2>\n                    <\/div>\n                    <div class=\"recomendadorButtonFixed\">Ver detalhes<\/div>\n                    <div class=\"recomendadorAlertFixed\"><\/div>\n                <\/div>\n                <\/div>\n            <\/div>\n            <\/a>\n        <\/div>\n        <\/div>\n\n\n\n<ul class=\"wp-block-list\">\n<li>7 t\u00edtulos: Independiente (1964, 1965, 1972, 1973, 1974, 1975 e 1984);<\/li>\n<\/ul>\n\n\n\n<ul class=\"wp-block-list\">\n<li>6 t\u00edtulos: Boca Juniors (1977, 1978, 2000, 2001, 2003 e 2007);<\/li>\n<\/ul>\n\n\n\n<ul class=\"wp-block-list\">\n<li>5 t\u00edtulos: Pe\u00f1arol (1960, 1961, 1966, 1982 e 1987);<\/li>\n<\/ul>\n\n\n\n<ul class=\"wp-block-list\">\n<li>4 t\u00edtulos: River Plate (1986, 1996, 2015 e 2018) e Estudiantes (1968, 1969, 1970 e 2009);<\/li>\n<\/ul>\n\n\n\n<ul class=\"wp-block-list\">\n<li>3 t\u00edtulos: Olimpia (1979, 1990 e 2002), Nacional (1971, 1980 e 1988), <strong>S\u00e3o Paulo (1992, 1993 e 2005), Palmeiras (1999, 2020 e 2021), Santos (1962, 1963 e 2011), Gr\u00eamio (1983, 1995 e 2017) e Flamengo (1981, 2019 e 2022)<\/strong>;<\/li>\n<\/ul>\n\n\n\n<ul class=\"wp-block-list\">\n<li>2 t\u00edtulos: <strong>Cruzeiro (1976 e 1997)<\/strong>, Atl\u00e9tico Nacional (1989 e 2016) e <strong>Internacional (2006 e 2010)<\/strong>;<\/li>\n<\/ul>\n\n\n\n<ul class=\"wp-block-list\">\n<li>1 t\u00edtulo: Colo-Colo (1991), <strong>Atl\u00e9tico-MG (2013), Fluminense (2023)<\/strong>, Racing (1967), Argentinos Jrs. (1985), V\u00e9lez Sarsfield (1994), <strong>Vasco da Gama (1998)<\/strong>, Once Caldas (2004), LDU Quito (2008), <strong>Corinthians (2012)<\/strong>, San Lorenzo (2014) e <strong>Botafogo (2024)<\/strong>.<\/li>\n<\/ul>\n\n\n\n<p><\/p>\n","protected":false},"excerpt":{"rendered":"<p>Dois dos clubes mais vitoriosos do futebol brasileiro, Flamengo e Palmeiras se enfrentam no pr\u00f3ximo dia 29 para alcan\u00e7arem um feito jamais alcan\u00e7ado por equipes do pa\u00eds: o tetracampeonato da Copa Libertadores da Am\u00e9rica. Ambos com tr\u00eas conquistas cada, os rivais decidem a grande final da atual edi\u00e7\u00e3o no Est\u00e1dio Monumental de Lima, no Peru. [&hellip;]<\/p>\n","protected":false},"author":4,"featured_media":9553,"comment_status":"open","ping_status":"open","sticky":false,"template":"","format":"standard","meta":{"jnews-multi-image_gallery":[],"jnews_single_post":{"format":"standard"},"jnews_primary_category":[],"jnews_social_meta":[],"jnews_post_split":[],"footnotes":""},"categories":[1],"tags":[],"class_list":["post-9551","post","type-post","status-publish","format-standard","has-post-thumbnail","hentry","category-uncategorized"],"_links":{"self":[{"href":"https:\/\/diariodepernambuco.audiencelabs.com.br\/wp-json\/wp\/v2\/posts\/9551","targetHints":{"allow":["GET"]}}],"collection":[{"href":"https:\/\/diariodepernambuco.audiencelabs.com.br\/wp-json\/wp\/v2\/posts"}],"about":[{"href":"https:\/\/diariodepernambuco.audiencelabs.com.br\/wp-json\/wp\/v2\/types\/post"}],"author":[{"embeddable":true,"href":"https:\/\/diariodepernambuco.audiencelabs.com.br\/wp-json\/wp\/v2\/users\/4"}],"replies":[{"embeddable":true,"href":"https:\/\/diariodepernambuco.audiencelabs.com.br\/wp-json\/wp\/v2\/comments?post=9551"}],"version-history":[{"count":5,"href":"https:\/\/diariodepernambuco.audiencelabs.com.br\/wp-json\/wp\/v2\/posts\/9551\/revisions"}],"predecessor-version":[{"id":10134,"href":"https:\/\/diariodepernambuco.audiencelabs.com.br\/wp-json\/wp\/v2\/posts\/9551\/revisions\/10134"}],"wp:featuredmedia":[{"embeddable":true,"href":"https:\/\/diariodepernambuco.audiencelabs.com.br\/wp-json\/wp\/v2\/media\/9553"}],"wp:attachment":[{"href":"https:\/\/diariodepernambuco.audiencelabs.com.br\/wp-json\/wp\/v2\/media?parent=9551"}],"wp:term":[{"taxonomy":"category","embeddable":true,"href":"https:\/\/diariodepernambuco.audiencelabs.com.br\/wp-json\/wp\/v2\/categories?post=9551"},{"taxonomy":"post_tag","embeddable":true,"href":"https:\/\/diariodepernambuco.audiencelabs.com.br\/wp-json\/wp\/v2\/tags?post=9551"}],"curies":[{"name":"wp","href":"https:\/\/api.w.org\/{rel}","templated":true}]}}