{"id":9575,"date":"2025-11-19T12:30:00","date_gmt":"2025-11-19T15:30:00","guid":{"rendered":"https:\/\/diariodepernambuco.audiencelabs.com.br\/?p=9575"},"modified":"2025-11-19T15:03:25","modified_gmt":"2025-11-19T18:03:25","slug":"brasileiros-ganham-presentao-e-ja-podem-realizar-saque-de-r-1-518","status":"publish","type":"post","link":"https:\/\/diariodepernambuco.audiencelabs.com.br\/brasileiros-ganham-presentao-e-ja-podem-realizar-saque-de-r-1-518\/","title":{"rendered":"Brasileiros ganham present\u00e3o e j\u00e1 podem realizar saque de R$ 1.518"},"content":{"rendered":"\n<p>Boa not\u00edcia para alguns brasileiros. O Instituto Nacional do Seguro Social (INSS) iniciar\u00e1 na pr\u00f3xima semana o pagamento dos benef\u00edcios referentes a novembro de 2025. O calend\u00e1rio come\u00e7a pelos segurados que recebem at\u00e9 um sal\u00e1rio m\u00ednimo, seguindo as datas divulgadas no site oficial do Governo Federal, organizadas conforme o n\u00famero final do cart\u00e3o do benefici\u00e1rio.<\/p>\n\n\n\n<p>Segundo o cronograma do segundo semestre de 2025, os pagamentos de novembro come\u00e7am na segunda-feira (24) e seguem de forma escalonada. \u00c9 importante lembrar que o \u201cn\u00famero final\u201d considerado \u00e9, na verdade, o pen\u00faltimo d\u00edgito do cart\u00e3o, localizado antes do h\u00edfen.<\/p>\n\n\n\n<p>Para conferir corretamente a data de pagamento, o benefici\u00e1rio deve verificar o n\u00famero final do cart\u00e3o, o que pode ser feito pelo site do Meu INSS, na aba \u201cExtrato de Pagamentos\u201d, ou pelo aplicativo dispon\u00edvel para iOS e Android. Tanto o n\u00famero do benef\u00edcio quanto o acompanhamento dos dep\u00f3sitos podem ser consultados por esses canais.<\/p>\n\n\n\n<p>Se o segurado preferir n\u00e3o usar a internet, tamb\u00e9m pode entrar em contato com a Central de Atendimento 135. De acordo com o Minist\u00e9rio da Previd\u00eancia Social (MPS), o servi\u00e7o funciona de segunda a s\u00e1bado, das 7h \u00e0s 22h, no hor\u00e1rio de Bras\u00edlia.<\/p>\n\n\n\n<h2 class=\"wp-block-heading\">Calend\u00e1rio para brasileiros que recebem at\u00e9 um sal\u00e1rio m\u00ednimo<\/h2>\n\n\n\n<ul class=\"wp-block-list\">\n<li>Final 1: 24\/novembro<\/li>\n\n\n\n<li>Final 2: 25\/novembro<\/li>\n\n\n\n<li>Final 3: 26\/novembro<\/li>\n\n\n\n<li>Final 4: 27\/novembro<\/li>\n\n\n\n<li>Final 5: 28\/novembro<\/li>\n\n\n\n<li>Final 6: 01\/dezembro<\/li>\n\n\n\n<li>Final 7: 02\/dezembro<\/li>\n\n\n\n<li>Final 8: 03\/dezembro<\/li>\n\n\n\n<li>Final 9: 04\/dezembro<\/li>\n\n\n\n<li>Final 0: 05\/dezembro<\/li>\n<\/ul>\n\n\n\n<h2 class=\"wp-block-heading\">Calend\u00e1rio para quem recebe mais que um sal\u00e1rio m\u00ednimo<\/h2>\n\n\n\n<ul class=\"wp-block-list\">\n<li>Final 1 e 6: 01\/dezembro<\/li>\n\n\n\n<li>Final 2 e 7: 02\/dezembro<\/li>\n\n\n\n<li>Final 3 e 8: 03\/dezembro<\/li>\n\n\n\n<li>Final 4 e 9: 04\/dezembro<\/li>\n\n\n\n<li>Final 5 e 0: 05\/dezembro<\/li>\n<\/ul>\n\n\n\n<p><\/p>\n","protected":false},"excerpt":{"rendered":"<p>Boa not\u00edcia para alguns brasileiros. O Instituto Nacional do Seguro Social (INSS) iniciar\u00e1 na pr\u00f3xima semana o pagamento dos benef\u00edcios referentes a novembro de 2025. O calend\u00e1rio come\u00e7a pelos segurados que recebem at\u00e9 um sal\u00e1rio m\u00ednimo, seguindo as datas divulgadas no site oficial do Governo Federal, organizadas conforme o n\u00famero final do cart\u00e3o do benefici\u00e1rio. [&hellip;]<\/p>\n","protected":false},"author":4,"featured_media":2129,"comment_status":"open","ping_status":"open","sticky":false,"template":"","format":"standard","meta":{"jnews-multi-image_gallery":[],"jnews_single_post":{"format":"standard"},"jnews_primary_category":[],"jnews_social_meta":[],"jnews_post_split":[],"footnotes":""},"categories":[1],"tags":[],"class_list":["post-9575","post","type-post","status-publish","format-standard","has-post-thumbnail","hentry","category-uncategorized"],"_links":{"self":[{"href":"https:\/\/diariodepernambuco.audiencelabs.com.br\/wp-json\/wp\/v2\/posts\/9575","targetHints":{"allow":["GET"]}}],"collection":[{"href":"https:\/\/diariodepernambuco.audiencelabs.com.br\/wp-json\/wp\/v2\/posts"}],"about":[{"href":"https:\/\/diariodepernambuco.audiencelabs.com.br\/wp-json\/wp\/v2\/types\/post"}],"author":[{"embeddable":true,"href":"https:\/\/diariodepernambuco.audiencelabs.com.br\/wp-json\/wp\/v2\/users\/4"}],"replies":[{"embeddable":true,"href":"https:\/\/diariodepernambuco.audiencelabs.com.br\/wp-json\/wp\/v2\/comments?post=9575"}],"version-history":[{"count":3,"href":"https:\/\/diariodepernambuco.audiencelabs.com.br\/wp-json\/wp\/v2\/posts\/9575\/revisions"}],"predecessor-version":[{"id":9782,"href":"https:\/\/diariodepernambuco.audiencelabs.com.br\/wp-json\/wp\/v2\/posts\/9575\/revisions\/9782"}],"wp:featuredmedia":[{"embeddable":true,"href":"https:\/\/diariodepernambuco.audiencelabs.com.br\/wp-json\/wp\/v2\/media\/2129"}],"wp:attachment":[{"href":"https:\/\/diariodepernambuco.audiencelabs.com.br\/wp-json\/wp\/v2\/media?parent=9575"}],"wp:term":[{"taxonomy":"category","embeddable":true,"href":"https:\/\/diariodepernambuco.audiencelabs.com.br\/wp-json\/wp\/v2\/categories?post=9575"},{"taxonomy":"post_tag","embeddable":true,"href":"https:\/\/diariodepernambuco.audiencelabs.com.br\/wp-json\/wp\/v2\/tags?post=9575"}],"curies":[{"name":"wp","href":"https:\/\/api.w.org\/{rel}","templated":true}]}}