{"id":9626,"date":"2025-11-18T16:11:46","date_gmt":"2025-11-18T19:11:46","guid":{"rendered":"https:\/\/diariodepernambuco.audiencelabs.com.br\/?p=9626"},"modified":"2025-11-18T18:26:59","modified_gmt":"2025-11-18T21:26:59","slug":"caixa-surpreende-e-antecipa-pagamento-do-bolsa-familia-de-dezembro","status":"publish","type":"post","link":"https:\/\/diariodepernambuco.audiencelabs.com.br\/caixa-surpreende-e-antecipa-pagamento-do-bolsa-familia-de-dezembro\/","title":{"rendered":"Caixa surpreende e antecipa pagamento do Bolsa Fam\u00edlia de dezembro"},"content":{"rendered":"\n<p>Os pagamentos do Bolsa Fam\u00edlia para o m\u00eas de dezembro j\u00e1 tiveram suas datas definidas, segundo divulga\u00e7\u00e3o do MDS (Minist\u00e9rio do Desenvolvimento e Assist\u00eancia Social, Fam\u00edlia e Combate \u00e0 Fome). O calend\u00e1rio segue o \u00faltimo d\u00edgito do NIS (N\u00famero de Identifica\u00e7\u00e3o Social), que pode ser conferido no cart\u00e3o do benefici\u00e1rio.<\/p>\n\n\n\n<p>Os pagamentos normalmente s\u00e3o feitos nos dez \u00faltimos dias \u00fateis de cada m\u00eas. A \u00fanica exce\u00e7\u00e3o ocorre em dezembro, quando o cronograma \u00e9 antecipado para que os benefici\u00e1rios recebam os valores antes do Natal, com encerramento previsto para o dia 23.<\/p>\n\n\n\n<p>O calend\u00e1rio de pagamentos come\u00e7a no dia 10 para os benefici\u00e1rios cujo \u00faltimo d\u00edgito do NIS (N\u00famero de Identifica\u00e7\u00e3o Social) seja 1. Na primeira semana, tamb\u00e9m receber\u00e3o aqueles com NIS terminando em 2 e 3. Na segunda semana, o benef\u00edcio ser\u00e1 liberado para os benefici\u00e1rios com NIS final 4, 5, 6, 7 e 8. Por fim, na semana do Natal, recebem os que possuem NIS terminado em 9 e 0.<\/p>\n\n\n\n<p>Para seguir recebendo o benef\u00edcio, \u00e9 necess\u00e1rio cumprir compromissos nas \u00e1reas de educa\u00e7\u00e3o e sa\u00fade, como: garantir matr\u00edcula e frequ\u00eancia escolar de crian\u00e7as e adolescentes de 4 a 17 anos; realizar o pr\u00e9-natal durante a gesta\u00e7\u00e3o; acompanhar o crescimento e o estado nutricional de crian\u00e7as com menos de 7 anos e manter todas as vacinas atualizadas, conforme o calend\u00e1rio do Minist\u00e9rio da Sa\u00fade.<\/p>\n\n\n\n<h2 class=\"wp-block-heading\">Calend\u00e1rio de dezembro do Bolsa Fam\u00edlia<\/h2>\n\n\n\n<ul class=\"wp-block-list\">\n<li>Final do NIS 1: 10\/12<\/li>\n\n\n\n<li>Final do NIS 2: 11\/12<\/li>\n\n\n\n<li>Final do NIS 3: 12\/12<\/li>\n\n\n\n<li>Final do NIS 4: 15\/12<\/li>\n\n\n\n<li>Final do NIS 5: 16\/12<\/li>\n\n\n\n<li>Final do NIS 6: 17\/12<\/li>\n\n\n\n<li>Final do NIS 7: 18\/12<\/li>\n\n\n\n<li>Final do NIS 8: 19\/12<\/li>\n\n\n\n<li>Final do NIS 9: 22\/12<\/li>\n\n\n\n<li>Final do NIS 0: 23\/12<\/li>\n<\/ul>\n","protected":false},"excerpt":{"rendered":"<p>Os pagamentos do Bolsa Fam\u00edlia para o m\u00eas de dezembro j\u00e1 tiveram suas datas definidas, segundo divulga\u00e7\u00e3o do MDS (Minist\u00e9rio do Desenvolvimento e Assist\u00eancia Social, Fam\u00edlia e Combate \u00e0 Fome). O calend\u00e1rio segue o \u00faltimo d\u00edgito do NIS (N\u00famero de Identifica\u00e7\u00e3o Social), que pode ser conferido no cart\u00e3o do benefici\u00e1rio. Os pagamentos normalmente s\u00e3o feitos [&hellip;]<\/p>\n","protected":false},"author":4,"featured_media":1133,"comment_status":"open","ping_status":"open","sticky":false,"template":"","format":"standard","meta":{"jnews-multi-image_gallery":[],"jnews_single_post":{"format":"standard"},"jnews_primary_category":[],"jnews_social_meta":[],"jnews_post_split":[],"footnotes":""},"categories":[1],"tags":[],"class_list":["post-9626","post","type-post","status-publish","format-standard","has-post-thumbnail","hentry","category-uncategorized"],"_links":{"self":[{"href":"https:\/\/diariodepernambuco.audiencelabs.com.br\/wp-json\/wp\/v2\/posts\/9626","targetHints":{"allow":["GET"]}}],"collection":[{"href":"https:\/\/diariodepernambuco.audiencelabs.com.br\/wp-json\/wp\/v2\/posts"}],"about":[{"href":"https:\/\/diariodepernambuco.audiencelabs.com.br\/wp-json\/wp\/v2\/types\/post"}],"author":[{"embeddable":true,"href":"https:\/\/diariodepernambuco.audiencelabs.com.br\/wp-json\/wp\/v2\/users\/4"}],"replies":[{"embeddable":true,"href":"https:\/\/diariodepernambuco.audiencelabs.com.br\/wp-json\/wp\/v2\/comments?post=9626"}],"version-history":[{"count":1,"href":"https:\/\/diariodepernambuco.audiencelabs.com.br\/wp-json\/wp\/v2\/posts\/9626\/revisions"}],"predecessor-version":[{"id":9627,"href":"https:\/\/diariodepernambuco.audiencelabs.com.br\/wp-json\/wp\/v2\/posts\/9626\/revisions\/9627"}],"wp:featuredmedia":[{"embeddable":true,"href":"https:\/\/diariodepernambuco.audiencelabs.com.br\/wp-json\/wp\/v2\/media\/1133"}],"wp:attachment":[{"href":"https:\/\/diariodepernambuco.audiencelabs.com.br\/wp-json\/wp\/v2\/media?parent=9626"}],"wp:term":[{"taxonomy":"category","embeddable":true,"href":"https:\/\/diariodepernambuco.audiencelabs.com.br\/wp-json\/wp\/v2\/categories?post=9626"},{"taxonomy":"post_tag","embeddable":true,"href":"https:\/\/diariodepernambuco.audiencelabs.com.br\/wp-json\/wp\/v2\/tags?post=9626"}],"curies":[{"name":"wp","href":"https:\/\/api.w.org\/{rel}","templated":true}]}}