{"id":9632,"date":"2025-11-22T03:00:00","date_gmt":"2025-11-22T06:00:00","guid":{"rendered":"https:\/\/diariodepernambuco.audiencelabs.com.br\/?p=9632"},"modified":"2025-11-21T17:47:30","modified_gmt":"2025-11-21T20:47:30","slug":"presenca-de-dinossauros-na-amazonia-foi-confirmada-por-cientistas","status":"publish","type":"post","link":"https:\/\/diariodepernambuco.audiencelabs.com.br\/presenca-de-dinossauros-na-amazonia-foi-confirmada-por-cientistas\/","title":{"rendered":"Presen\u00e7a de dinossauros na Amaz\u00f4nia foi confirmada por cientistas"},"content":{"rendered":"\n<p>A presen\u00e7a de dinossauros em v\u00e1rias regi\u00f5es do Brasil j\u00e1 era conhecida h\u00e1 muito tempo pelos pesquisadores. Apesar de f\u00f3sseis importantes terem sido encontrados, n\u00e3o havia evid\u00eancias de que essas criaturas tivessem habitado a regi\u00e3o amaz\u00f4nica.<\/p>\n\n\n\n<p>Agora, cientistas da Universidade Federal de Roraima (UFRR) identificaram, pela primeira vez, sinais de que os dinossauros viveram na Amaz\u00f4nia h\u00e1 mais de 103 milh\u00f5es de anos. Os principais ind\u00edcios incluem mais de dez pegadas da era Jur\u00e1ssico-Cret\u00e1cea localizadas na \u00e1rea conhecida como Bacia do Tacutu.<\/p>\n\n\n\n<p>Os registros foram encontrados na cidade de Bonfim, no norte de Roraima. Embora n\u00e3o seja poss\u00edvel determinar com precis\u00e3o a quais esp\u00e9cies de dinossauros pertenciam as pegadas, elas permitem identificar os grupos que habitavam a regi\u00e3o. Entre eles est\u00e3o os raptores, os ornit\u00f3podes (dinossauros b\u00edpedes e herb\u00edvoros) e os xire\u00f3foros.<\/p>\n\n\n\n<p>A regi\u00e3o da Amaz\u00f4nia sempre teve poucas descobertas arqueol\u00f3gicas, pois as rochas locais foram expostas e sofreram intemperiza\u00e7\u00e3o. Esse processo provoca desgaste e decomposi\u00e7\u00e3o das rochas, dificultando a preserva\u00e7\u00e3o de f\u00f3sseis.<\/p>\n\n\n<style>@media (min-width: 992px) {\n    .recomendadorV2Area1 {\n        width: 280px;\n    }\n    .recomendadorV2Area2 {\n        padding: 0px 20px;\n        width: calc(100% - 280px);\n    }\n}\n\n@media (max-width: 992px) {\n    .recomendadorV2Button {\n        margin: 0 auto;\n    }\n    .recomendadorV2Area {\n        flex-direction: column;\n        text-align: center;\n    }\n    .recomendadorV2Area2 {\n        padding: 0px 20px;\n    }\n}\n\n.recomendadorV2Area {\n    background: #eeeeee3d;\n    border-radius: 10px;\n    padding: 15px;\n    display: flex;\n    margin: 15px auto;\n    border: 1px solid #00000014;\n    max-width: 800px;\n}\n\n.recomendadorV2Area1 img {\n    width: 280px;\n    height: auto;\n    border-radius: 8px;\n}\n\n.linkrecomendadorv2 {\n    text-decoration: none !important;\n}\n\n.recomendadorV2Area2 .recomendadorV2Type {\n    text-transform: uppercase;\n    font-weight: 500;\n    font-size: 11px;\n    letter-spacing: 2px;\n    color: #666;\n    margin: 12px 0;\n    display: block;\n}\n\n.recomendadorV2Title h2 {\n    padding-top: 0px !important;\n    margin: 0px !important;\n    border-left: none !important;\n    padding-left: 0px !important;\n    line-height: 1.3;\n    color: #000 !important;\n    font-size: 24px;\n    margin-bottom: 12px !important;\n}\n\n.recomendadorV2Desc {\n    color: #333;\n    margin: 12px 0px !important;\n    font-size: 15px;\n    line-height: 1.5;\n}\n\n.recomendadorV2Button {\n    width: auto;\n    max-width: 200px;\n    margin: 0;\n    display: inline-flex;\n    align-items: center;\n    background: #1D3557;\n    border-radius: 8px;\n    color: #fff;\n    height: 36px;\n    justify-content: center;\n    text-align: center;\n    font-size: 14px;\n    padding: 0 20px;\n    transition: background-color 0.2s ease;\n}\n\n.recomendadorV2Button:hover {\n    background: #2a4d7a;\n}\n\n.recomendadorV2Button:after {\n    margin-top: -2px;\n    content: \"\u2192\";\n    padding: 0px 0px 0px 8px;\n}\n\n.recomendadorV2Alert {\n    text-align: left;\n    font-size: 11px;\n    margin-top: 8px;\n    color: #666;\n}\n\n.recomendadorFixedArea {\n    width: 100%;\n    display: flex;\n    justify-content: center;\n    align-items: center;\n}\n\n@media (min-width: 992px) {\n    #recomendadorFixed {\n        width: 32% !important;\n        left: 5%;\n    }\n    .recomendadorCloseFixed{\n        right: inherit !important;\n        left: 378px !important;\n    }\n}\n\n#recomendadorFixed {\n    width: 90%;\n    box-shadow: 0 10px 20px 0px #00000057;\n    display: none;\n    height: 90px;\n    background: #F6F6F6;\n    position: fixed;\n    flex-direction: row;\n    bottom: 10px;\n    z-index: 9999;\n    border-radius: 16px;\n    padding: 7px 10px;\n}\n\n.recomendadorLeftArea {\n    width: 160px;\n}\n\n.recomendadorRightArea h2 {\n    padding-top: 0px;\n    margin: 2px 0px 4px 0px !important;\n    font-weight: 400;\n    text-align: center;\n    padding-left: 0px !important;\n    color: #000 !important;\n    border-left: none !important;\n    line-height: 20px;\n    font-size: 12px !important;\n}\n\n.recomendadorImgFixed {\n    overflow: hidden;\n    padding: 8px 6px;\n    height: 100%;\n}\n\n.recomendadorImgFixed img {\n    height: 100% !important;\n    border-radius: 16px;\n}\n\n.recomendadorRightArea {\n    padding-top: 6px;\n    display: flex;\n    width: calc(100% - 130px);\n    justify-content: space-between;\n    align-items: center;\n    flex-direction: column;\n}\n\n.recomendadorButtonFixed {\n    margin: 0 auto;\n    background: #1D3557;\n    width: 80%;\n    text-align: center;\n    font-size: 10px;\n    color: #FFF;\n    padding: 2px 10px;\n    border-radius: 3px;\n}\n\n.recomendadorButtonFixed:after {\n    margin-top: -3px;\n    content: \"\u2192\";\n    padding: 0px 0px 0px 10px;\n}\n\n.recomendadorAlertFixed {\n    font-weight: 400;\n    text-align: center;\n    color: #484848;\n    font-size: 8px;\n}\n\n.recomendadorCloseFixed {\n    z-index: 99999;\n    display: none;\n    right: 0px;\n    left: inherit;\n    bottom: 99px;\n    position: fixed;\n    justify-content: center;\n    background: #F6F6F6;\n    width: 25px;\n    align-items: center;\n    height: 25px;\n    font-weight: 800;\n    border-radius: 50%;\n    border: 1px solid #EBEBEB;\n}\n\n.recomendadorV2Desc{\n    color: #000000;\n    margin: 20px 0px;\n}\n\n@media (max-width: 576px) {\n    .recomendadorV2Area {\n      padding: 10px;\n      max-width: 100%;\n    }\n  \n    .recomendadorV2Area1 img {\n      width: 100%;\n      border-radius: 6px;\n    }\n  \n    .recomendadorV2Area2 .recomendadorV2Type {\n      font-size: 9px;\n      letter-spacing: 1px;\n      margin: 8px 0;\n    }\n  \n    .recomendadorV2Title h2 {\n      font-size: 18px !important;\n      margin-bottom: 8px !important;\n      line-height: 1.2;\n    }\n  \n    .recomendadorV2Desc {\n      font-size: 14px;\n      margin: 8px 0 !important;\n      line-height: 1.4;\n    }\n  \n    .recomendadorV2Button {\n      font-size: 12px;\n      height: 30px;\n      padding: 0 12px;\n      max-width: 160px;\n    }\n  \n    .recomendadorV2Button:after {\n      padding-left: 6px;\n    }\n  }\n  <\/style>\n        <div class=\"lazyblock-recomendador-v2-2jDGz wp-block-lazyblock-recomendador-v2\">\n        <a class=\"linkrecomendadorv2\" href=\"https:\/\/diariodepernambuco.com.br\/dpmais\/cientista-abre-os-olhos-do-povo-e-revela-pandemia-em-estado-brasileiro\/?utm_source=lazy\" target=\"_blank\" rel=\"noopener\">\n            <div class=\"recomendadorV2Area\">\n            <div class=\"recomendadorV2Area1\">\n                <div class=\"recomendadorV2Img\">\n                <img class=\"lazyloaded\" decoding=\"async\" src=\"https:\/\/diariodepernambuco.com.br\/dpmais\/wp-content\/uploads\/2025\/11\/Carlos-Nobre-750x375.jpg\" data-src=\"https:\/\/diariodepernambuco.com.br\/dpmais\/wp-content\/uploads\/2025\/11\/Carlos-Nobre-750x375.jpg\" alt=\"\">\n                <\/div>\n            <\/div>\n            <div class=\"recomendadorV2Area2\">\n                <div class=\"recomendadorV2Type\">\n                    <span>DP Mais<\/span>\n                <\/div>\n                <div class=\"recomendadorV2Title\">\n                <h2><span>Alerta de pandemia \ud83e\udda0<\/span><\/h2>\n                <\/div>\n                <div class=\"recomendadorV2Desc\">\n                <span>Cientista revela risco em estado brasileiro<\/span>\n                <\/div>\n                <div class=\"recomendadorV2Button\">Leia agora<\/div>\n                <div class=\"recomendadorV2Alert\"><\/div>\n            <\/div>\n            <\/div>\n        <\/a>\n        <div>\n            <div style=\"z-index:99999;\" id=\"buttonClose\" onclick=\"closeRecomendadorFixed()\">\n            <div class=\"recomendadorCloseFixed\">X<\/div>\n            <\/div>\n            <a href=\"https:\/\/diariodepernambuco.com.br\/dpmais\/cientista-abre-os-olhos-do-povo-e-revela-pandemia-em-estado-brasileiro\/?utm_source=lazy\" target=\"_blank\" rel=\"noopener\">\n            <div class=\"recomendadorFixedArea\">\n                <div id=\"recomendadorFixed\">\n                <div class=\"recomendadorLeftArea\">\n                    <div class=\"recomendadorImgFixed\">\n                    <img class=\"lazyload\" decoding=\"async\" src=\"https:\/\/diariodepernambuco.com.br\/dpmais\/wp-content\/uploads\/2025\/11\/Carlos-Nobre-750x375.jpg\" alt=\"\">\n                    <\/div>\n                <\/div>\n                <div class=\"recomendadorRightArea\">\n                    <div class=\"recomendadorTitleFixed\">\n                    <h2><span>Alerta de pandemia \ud83e\udda0<\/span><\/h2>\n                    <\/div>\n                    <div class=\"recomendadorButtonFixed\">Leia agora<\/div>\n                    <div class=\"recomendadorAlertFixed\"><\/div>\n                <\/div>\n                <\/div>\n            <\/div>\n            <\/a>\n        <\/div>\n        <\/div>\n\n\n\n<p>As pegadas de dinossauro foram descobertas em 2014 durante uma atividade de campo dos alunos de geologia da UFRR, coordenada pelo professor Vladimir Souza. Naquele per\u00edodo, a universidade n\u00e3o contava com especialistas em paleoecologia e nem possu\u00eda os equipamentos necess\u00e1rios para analisar as pegadas.<\/p>\n\n\n\n<p>Assim, o projeto acabou sendo engavetado e a descoberta acabou n\u00e3o sendo divulgada. Em 2021, o estudo foi reativado. A identifica\u00e7\u00e3o das pegadas iniciou-se com a fotogrametria, uma t\u00e9cnica que permite criar um modelo 3D de alta precis\u00e3o.<\/p>\n\n\n\n<p><\/p>\n","protected":false},"excerpt":{"rendered":"<p>A presen\u00e7a de dinossauros em v\u00e1rias regi\u00f5es do Brasil j\u00e1 era conhecida h\u00e1 muito tempo pelos pesquisadores. Apesar de f\u00f3sseis importantes terem sido encontrados, n\u00e3o havia evid\u00eancias de que essas criaturas tivessem habitado a regi\u00e3o amaz\u00f4nica. Agora, cientistas da Universidade Federal de Roraima (UFRR) identificaram, pela primeira vez, sinais de que os dinossauros viveram na [&hellip;]<\/p>\n","protected":false},"author":4,"featured_media":9635,"comment_status":"open","ping_status":"open","sticky":false,"template":"","format":"standard","meta":{"jnews-multi-image_gallery":[],"jnews_single_post":{"format":"standard"},"jnews_primary_category":[],"jnews_social_meta":[],"jnews_post_split":[],"footnotes":""},"categories":[1],"tags":[],"class_list":["post-9632","post","type-post","status-publish","format-standard","has-post-thumbnail","hentry","category-uncategorized"],"_links":{"self":[{"href":"https:\/\/diariodepernambuco.audiencelabs.com.br\/wp-json\/wp\/v2\/posts\/9632","targetHints":{"allow":["GET"]}}],"collection":[{"href":"https:\/\/diariodepernambuco.audiencelabs.com.br\/wp-json\/wp\/v2\/posts"}],"about":[{"href":"https:\/\/diariodepernambuco.audiencelabs.com.br\/wp-json\/wp\/v2\/types\/post"}],"author":[{"embeddable":true,"href":"https:\/\/diariodepernambuco.audiencelabs.com.br\/wp-json\/wp\/v2\/users\/4"}],"replies":[{"embeddable":true,"href":"https:\/\/diariodepernambuco.audiencelabs.com.br\/wp-json\/wp\/v2\/comments?post=9632"}],"version-history":[{"count":4,"href":"https:\/\/diariodepernambuco.audiencelabs.com.br\/wp-json\/wp\/v2\/posts\/9632\/revisions"}],"predecessor-version":[{"id":9889,"href":"https:\/\/diariodepernambuco.audiencelabs.com.br\/wp-json\/wp\/v2\/posts\/9632\/revisions\/9889"}],"wp:featuredmedia":[{"embeddable":true,"href":"https:\/\/diariodepernambuco.audiencelabs.com.br\/wp-json\/wp\/v2\/media\/9635"}],"wp:attachment":[{"href":"https:\/\/diariodepernambuco.audiencelabs.com.br\/wp-json\/wp\/v2\/media?parent=9632"}],"wp:term":[{"taxonomy":"category","embeddable":true,"href":"https:\/\/diariodepernambuco.audiencelabs.com.br\/wp-json\/wp\/v2\/categories?post=9632"},{"taxonomy":"post_tag","embeddable":true,"href":"https:\/\/diariodepernambuco.audiencelabs.com.br\/wp-json\/wp\/v2\/tags?post=9632"}],"curies":[{"name":"wp","href":"https:\/\/api.w.org\/{rel}","templated":true}]}}