{"id":9649,"date":"2025-11-22T22:00:00","date_gmt":"2025-11-23T01:00:00","guid":{"rendered":"https:\/\/diariodepernambuco.audiencelabs.com.br\/?p=9649"},"modified":"2025-11-18T18:36:22","modified_gmt":"2025-11-18T21:36:22","slug":"quantos-metros-tem-a-nova-estatua-de-nossa-senhora-de-fatima","status":"publish","type":"post","link":"https:\/\/diariodepernambuco.audiencelabs.com.br\/quantos-metros-tem-a-nova-estatua-de-nossa-senhora-de-fatima\/","title":{"rendered":"Quantos metros tem a nova est\u00e1tua de Nossa Senhora de F\u00e1tima?"},"content":{"rendered":"\n<p>A cidade de Crato, no Cear\u00e1, recebeu na \u00faltima quinta-feira (14) a inaugura\u00e7\u00e3o da maior est\u00e1tua do mundo dedicada a Nossa Senhora de F\u00e1tima. Segundo a prefeitura, milhares de fi\u00e9is se reuniram na regi\u00e3o do Cariri para participar da celebra\u00e7\u00e3o em homenagem \u00e0 santa.<\/p>\n\n\n\n<p>Criada pelo escultor Ranilson Viana, a obra impressiona com seus cerca de 54 metros de altura, superando o Cristo Redentor, que mede 38 metros. O governador Elmano de Freitas destacou que a imagem, que \u201creflete o fervor mariano do povo do Crato\u201d, foi projetada tamb\u00e9m para impulsionar o turismo religioso na regi\u00e3o.<\/p>\n\n\n\n<p>Durante a inaugura\u00e7\u00e3o, mais de 100 caravanas vindas de pelo menos seis estados chegaram \u00e0 cidade, segundo relatos. Os fi\u00e9is participaram de uma missa, receberam a b\u00ean\u00e7\u00e3o inaugural e assistiram a apresenta\u00e7\u00f5es musicais de Irm\u00e3 Raquel, Patr\u00edcia e do padre F\u00e1bio de Mello.<\/p>\n\n\n\n<p>Para as autoridades cearenses, al\u00e9m de atrair turistas, a est\u00e1tua refor\u00e7a o papel da cidade como um importante ponto de conex\u00e3o com a f\u00e9: &#8220;Essa imagem simboliza esperan\u00e7a, prote\u00e7\u00e3o e consolo. Que este local seja sempre um espa\u00e7o de ora\u00e7\u00e3o e reflex\u00e3o. Porque o mundo est\u00e1 precisando de amor, fraternidade, carinho e prote\u00e7\u00e3o&#8221;, disse o governador.<\/p>\n\n\n\n<h2 class=\"wp-block-heading\">A hist\u00f3ria de Nossa Senhora de F\u00e1tima<\/h2>\n\n\n\n<p>Nossa Senhora de F\u00e1tima \u00e9 conhecida mundialmente a partir das apari\u00e7\u00f5es ocorridas em 1917, na cidade de F\u00e1tima, em Portugal. Segundo relatos, a Virgem Maria apareceu a tr\u00eas crian\u00e7as \u2014 L\u00facia, Francisco e Jacinta \u2014 transmitindo mensagens de ora\u00e7\u00e3o, penit\u00eancia e convers\u00e3o, al\u00e9m de revelar profecias sobre eventos futuros.<\/p>\n\n\n\n<p>Essas manifesta\u00e7\u00f5es rapidamente ganharam aten\u00e7\u00e3o internacional, tornando F\u00e1tima um dos principais destinos de peregrina\u00e7\u00e3o cat\u00f3lica. Com o passar dos anos, a devo\u00e7\u00e3o a Nossa Senhora de F\u00e1tima se espalhou pelo mundo, sendo associada \u00e0 prote\u00e7\u00e3o, \u00e0 paz e \u00e0 intercess\u00e3o divina.<\/p>\n\n\n\n<p><\/p>\n","protected":false},"excerpt":{"rendered":"<p>A cidade de Crato, no Cear\u00e1, recebeu na \u00faltima quinta-feira (14) a inaugura\u00e7\u00e3o da maior est\u00e1tua do mundo dedicada a Nossa Senhora de F\u00e1tima. Segundo a prefeitura, milhares de fi\u00e9is se reuniram na regi\u00e3o do Cariri para participar da celebra\u00e7\u00e3o em homenagem \u00e0 santa. Criada pelo escultor Ranilson Viana, a obra impressiona com seus cerca [&hellip;]<\/p>\n","protected":false},"author":4,"featured_media":9651,"comment_status":"open","ping_status":"open","sticky":false,"template":"","format":"standard","meta":{"jnews-multi-image_gallery":[],"jnews_single_post":{"format":"standard"},"jnews_primary_category":[],"jnews_social_meta":[],"jnews_post_split":[],"footnotes":""},"categories":[1],"tags":[],"class_list":["post-9649","post","type-post","status-publish","format-standard","has-post-thumbnail","hentry","category-uncategorized"],"_links":{"self":[{"href":"https:\/\/diariodepernambuco.audiencelabs.com.br\/wp-json\/wp\/v2\/posts\/9649","targetHints":{"allow":["GET"]}}],"collection":[{"href":"https:\/\/diariodepernambuco.audiencelabs.com.br\/wp-json\/wp\/v2\/posts"}],"about":[{"href":"https:\/\/diariodepernambuco.audiencelabs.com.br\/wp-json\/wp\/v2\/types\/post"}],"author":[{"embeddable":true,"href":"https:\/\/diariodepernambuco.audiencelabs.com.br\/wp-json\/wp\/v2\/users\/4"}],"replies":[{"embeddable":true,"href":"https:\/\/diariodepernambuco.audiencelabs.com.br\/wp-json\/wp\/v2\/comments?post=9649"}],"version-history":[{"count":2,"href":"https:\/\/diariodepernambuco.audiencelabs.com.br\/wp-json\/wp\/v2\/posts\/9649\/revisions"}],"predecessor-version":[{"id":9652,"href":"https:\/\/diariodepernambuco.audiencelabs.com.br\/wp-json\/wp\/v2\/posts\/9649\/revisions\/9652"}],"wp:featuredmedia":[{"embeddable":true,"href":"https:\/\/diariodepernambuco.audiencelabs.com.br\/wp-json\/wp\/v2\/media\/9651"}],"wp:attachment":[{"href":"https:\/\/diariodepernambuco.audiencelabs.com.br\/wp-json\/wp\/v2\/media?parent=9649"}],"wp:term":[{"taxonomy":"category","embeddable":true,"href":"https:\/\/diariodepernambuco.audiencelabs.com.br\/wp-json\/wp\/v2\/categories?post=9649"},{"taxonomy":"post_tag","embeddable":true,"href":"https:\/\/diariodepernambuco.audiencelabs.com.br\/wp-json\/wp\/v2\/tags?post=9649"}],"curies":[{"name":"wp","href":"https:\/\/api.w.org\/{rel}","templated":true}]}}