{"id":9653,"date":"2025-11-22T16:00:00","date_gmt":"2025-11-22T19:00:00","guid":{"rendered":"https:\/\/diariodepernambuco.audiencelabs.com.br\/?p=9653"},"modified":"2025-11-19T18:19:57","modified_gmt":"2025-11-19T21:19:57","slug":"por-que-os-supermercados-do-brasil-nao-conseguem-mais-contratar-funcionarios","status":"publish","type":"post","link":"https:\/\/diariodepernambuco.audiencelabs.com.br\/por-que-os-supermercados-do-brasil-nao-conseguem-mais-contratar-funcionarios\/","title":{"rendered":"Por que os supermercados do Brasil n\u00e3o conseguem mais contratar funcion\u00e1rios?"},"content":{"rendered":"\n<p>Os supermercados brasileiros enfrentam atualmente uma crise in\u00e9dita de m\u00e3o de obra, apesar de contarem com uma grande quantidade de vagas abertas. Um levantamento da Confedera\u00e7\u00e3o Nacional do Com\u00e9rcio (CNC) aponta que cerca de 70% das fun\u00e7\u00f5es-chave do setor permanecem sem profissionais, incluindo cargos como operador de caixa, repositores, atendentes e a\u00e7ougueiros.<\/p>\n\n\n\n<p>A situa\u00e7\u00e3o \u00e9 ainda mais alarmante considerando que o desemprego no pa\u00eds est\u00e1 em patamares historicamente baixos, o que significa que o problema n\u00e3o \u00e9 a falta de pessoas dispostas a trabalhar, mas sim a escassez de candidatos interessados nas posi\u00e7\u00f5es oferecidas.<\/p>\n\n\n\n<p>Uma das principais raz\u00f5es para essa rejei\u00e7\u00e3o \u00e0s vagas de supermercado \u00e9 a mudan\u00e7a no perfil dos trabalhadores. Muitos jovens, que antes viam o mercado como uma porta de entrada para o emprego formal, agora preferem atividades informais, mais flex\u00edveis e que ofere\u00e7am autonomia \u2014 como trabalho em apps de entrega ou abrir o pr\u00f3prio neg\u00f3cio.<\/p>\n\n\n\n<p>Al\u00e9m disso, a remunera\u00e7\u00e3o m\u00e9dia nas fun\u00e7\u00f5es operacionais tem se mostrado pouco atraente: sal\u00e1rios baixos, escalas r\u00edgidas e ac\u00famulo de tarefas desencorajam potenciais candidatos. Para lidar com esse gargalo, redes supermercadistas est\u00e3o apelando para solu\u00e7\u00f5es pouco convencionais.<\/p>\n\n\n\n<p>Uma estrat\u00e9gia adotada foi a parceria com o Ex\u00e9rcito Brasileiro, com o objetivo de recrutar jovens que conclu\u00edram o servi\u00e7o militar. Tamb\u00e9m h\u00e1 o esfor\u00e7o para atrair pessoas mais velhas, como idosos e reservistas, grupo que tem sido visto como mais est\u00e1vel e disciplinado.<\/p>\n\n\n\n<p>Apesar de ser uma alternativa de emerg\u00eancia, essa abordagem evidencia como o setor est\u00e1 sendo for\u00e7ado a repensar seus modelos tradicionais de recrutamento. Paralelamente, os supermercados exploram outras estrat\u00e9gias para reduzir a depend\u00eancia de m\u00e3o de obra tradicional. O uso crescente de caixas de autoatendimento (self-checkout) \u00e9 uma delas, j\u00e1 que automatiza parte do processo e diminui a demanda por operadores.<\/p>\n\n\n\n<p><\/p>\n","protected":false},"excerpt":{"rendered":"<p>Os supermercados brasileiros enfrentam atualmente uma crise in\u00e9dita de m\u00e3o de obra, apesar de contarem com uma grande quantidade de vagas abertas. Um levantamento da Confedera\u00e7\u00e3o Nacional do Com\u00e9rcio (CNC) aponta que cerca de 70% das fun\u00e7\u00f5es-chave do setor permanecem sem profissionais, incluindo cargos como operador de caixa, repositores, atendentes e a\u00e7ougueiros. A situa\u00e7\u00e3o \u00e9 [&hellip;]<\/p>\n","protected":false},"author":4,"featured_media":1921,"comment_status":"open","ping_status":"open","sticky":false,"template":"","format":"standard","meta":{"jnews-multi-image_gallery":[],"jnews_single_post":{"format":"standard"},"jnews_primary_category":[],"jnews_social_meta":[],"jnews_post_split":[],"footnotes":""},"categories":[1],"tags":[],"class_list":["post-9653","post","type-post","status-publish","format-standard","has-post-thumbnail","hentry","category-uncategorized"],"_links":{"self":[{"href":"https:\/\/diariodepernambuco.audiencelabs.com.br\/wp-json\/wp\/v2\/posts\/9653","targetHints":{"allow":["GET"]}}],"collection":[{"href":"https:\/\/diariodepernambuco.audiencelabs.com.br\/wp-json\/wp\/v2\/posts"}],"about":[{"href":"https:\/\/diariodepernambuco.audiencelabs.com.br\/wp-json\/wp\/v2\/types\/post"}],"author":[{"embeddable":true,"href":"https:\/\/diariodepernambuco.audiencelabs.com.br\/wp-json\/wp\/v2\/users\/4"}],"replies":[{"embeddable":true,"href":"https:\/\/diariodepernambuco.audiencelabs.com.br\/wp-json\/wp\/v2\/comments?post=9653"}],"version-history":[{"count":3,"href":"https:\/\/diariodepernambuco.audiencelabs.com.br\/wp-json\/wp\/v2\/posts\/9653\/revisions"}],"predecessor-version":[{"id":9804,"href":"https:\/\/diariodepernambuco.audiencelabs.com.br\/wp-json\/wp\/v2\/posts\/9653\/revisions\/9804"}],"wp:featuredmedia":[{"embeddable":true,"href":"https:\/\/diariodepernambuco.audiencelabs.com.br\/wp-json\/wp\/v2\/media\/1921"}],"wp:attachment":[{"href":"https:\/\/diariodepernambuco.audiencelabs.com.br\/wp-json\/wp\/v2\/media?parent=9653"}],"wp:term":[{"taxonomy":"category","embeddable":true,"href":"https:\/\/diariodepernambuco.audiencelabs.com.br\/wp-json\/wp\/v2\/categories?post=9653"},{"taxonomy":"post_tag","embeddable":true,"href":"https:\/\/diariodepernambuco.audiencelabs.com.br\/wp-json\/wp\/v2\/tags?post=9653"}],"curies":[{"name":"wp","href":"https:\/\/api.w.org\/{rel}","templated":true}]}}