{"id":9678,"date":"2025-11-19T08:22:10","date_gmt":"2025-11-19T11:22:10","guid":{"rendered":"https:\/\/diariodepernambuco.audiencelabs.com.br\/?p=9678"},"modified":"2025-11-19T10:56:19","modified_gmt":"2025-11-19T13:56:19","slug":"velho-da-havan-fica-para-tras-e-homem-mais-rico-do-brasil-tem-fortuna-esmagadora","status":"publish","type":"post","link":"https:\/\/diariodepernambuco.audiencelabs.com.br\/velho-da-havan-fica-para-tras-e-homem-mais-rico-do-brasil-tem-fortuna-esmagadora\/","title":{"rendered":"Velho da Havan fica para tr\u00e1s e homem mais rico do Brasil tem fortuna esmagadora"},"content":{"rendered":"\n<p>Enquanto muitos associam o sucesso financeiro no Brasil a empres\u00e1rios de grandes redes de varejo, a realidade atual revela uma diferen\u00e7a impressionante de fortuna entre nomes conhecidos. Luciano Hang, dono da Havan e figura bastante presente na m\u00eddia nacional, sequer aparece entre os dez brasileiros mais ricos do Mundo segundo a Forbes.<\/p>\n\n\n\n<p>A diferen\u00e7a entre a fortuna de Luciano Hang e a dos maiores bilion\u00e1rios do pa\u00eds \u00e9, de fato, impressionante. Enquanto Hang construiu sua riqueza principalmente no varejo f\u00edsico, focando em lojas espalhadas pelo Brasil, Eduardo Saverin acumulou sua fortuna de forma global, com participa\u00e7\u00e3o em empresas de tecnologia de alcance internacional, como o Facebook.<\/p>\n\n\n\n<h2 class=\"wp-block-heading\">Fortuna bilion\u00e1ria <\/h2>\n\n\n\n<p>Por conta disso, \u00e9 dele o topo do ranking com um incr\u00edvel patrim\u00f4nio avaliado em R$ 227 bilh\u00f5es. Por outro lado, Hang tem &#8220;apenas&#8221; R$ 12,05 bilh\u00f5es. Na lista da Forbes, o empres\u00e1rio aparece somente como o 28\u00ba brasileiro mais rico do pa\u00eds.<\/p>\n\n\n\n<p>Apesar disso, ele ainda lidera a lista no ramo varejista, superando nomes como Michael Klein e fam\u00edlia, das Casas Bahia, Ilson Mateus Rodrigues, do Grupo Mateus, e Carlos Pires de Oliveira Dias, da rede RaiaDrogasil.<\/p>\n\n\n\n<h2 class=\"wp-block-heading\">Os maiores bilion\u00e1rios do Brasil segundo a Forbes<\/h2>\n\n\n\n<ol class=\"wp-block-list\">\n<li>Eduardo Saverin &#8211; Patrim\u00f4nio de R$ 227 bilh\u00f5es<\/li>\n\n\n\n<li>Vicky Safra e fam\u00edlia &#8211; Patrim\u00f4nio de R$ 120,5 bilh\u00f5es<\/li>\n\n\n\n<li>Jorge Paulo Lemann &#8211; Patrim\u00f4nio de R$ 88 bilh\u00f5es<\/li>\n\n\n\n<li>Andr\u00e9 Santos Esteves &#8211; Patrim\u00f4nio de R$ 51 bilh\u00f5es<\/li>\n\n\n\n<li>Fernando Roberto Moreira Salles &#8211; Patrim\u00f4nio de R$ 40,2 bilh\u00f5es<\/li>\n\n\n\n<li>Carlos Alberto da Veiga Sicupira &#8211; Patrim\u00f4nio de R$ 39,1 bilh\u00f5es<\/li>\n\n\n\n<li>Pedro Moreira Salles &#8211; Patrim\u00f4nio de R$ 38 bilh\u00f5es<\/li>\n\n\n\n<li>Miguel Gellert Krigsner &#8211; Patrim\u00f4nio R$ 34,2 bilh\u00f5es<\/li>\n\n\n\n<li>Alexandre Behring da Costa &#8211; Patrim\u00f4nio de 31 bilh\u00f5es<\/li>\n\n\n\n<li>Jorge Neval Moll Filho &#8211; Patrim\u00f4nio R$ 34,2 bilh\u00f5es<\/li>\n<\/ol>\n\n\n\n<p><\/p>\n","protected":false},"excerpt":{"rendered":"<p>Enquanto muitos associam o sucesso financeiro no Brasil a empres\u00e1rios de grandes redes de varejo, a realidade atual revela uma diferen\u00e7a impressionante de fortuna entre nomes conhecidos. Luciano Hang, dono da Havan e figura bastante presente na m\u00eddia nacional, sequer aparece entre os dez brasileiros mais ricos do Mundo segundo a Forbes. A diferen\u00e7a entre [&hellip;]<\/p>\n","protected":false},"author":4,"featured_media":9679,"comment_status":"open","ping_status":"open","sticky":false,"template":"","format":"standard","meta":{"jnews-multi-image_gallery":[],"jnews_single_post":{"format":"standard"},"jnews_primary_category":[],"jnews_social_meta":[],"jnews_post_split":[],"footnotes":""},"categories":[1],"tags":[],"class_list":["post-9678","post","type-post","status-publish","format-standard","has-post-thumbnail","hentry","category-uncategorized"],"_links":{"self":[{"href":"https:\/\/diariodepernambuco.audiencelabs.com.br\/wp-json\/wp\/v2\/posts\/9678","targetHints":{"allow":["GET"]}}],"collection":[{"href":"https:\/\/diariodepernambuco.audiencelabs.com.br\/wp-json\/wp\/v2\/posts"}],"about":[{"href":"https:\/\/diariodepernambuco.audiencelabs.com.br\/wp-json\/wp\/v2\/types\/post"}],"author":[{"embeddable":true,"href":"https:\/\/diariodepernambuco.audiencelabs.com.br\/wp-json\/wp\/v2\/users\/4"}],"replies":[{"embeddable":true,"href":"https:\/\/diariodepernambuco.audiencelabs.com.br\/wp-json\/wp\/v2\/comments?post=9678"}],"version-history":[{"count":2,"href":"https:\/\/diariodepernambuco.audiencelabs.com.br\/wp-json\/wp\/v2\/posts\/9678\/revisions"}],"predecessor-version":[{"id":9729,"href":"https:\/\/diariodepernambuco.audiencelabs.com.br\/wp-json\/wp\/v2\/posts\/9678\/revisions\/9729"}],"wp:featuredmedia":[{"embeddable":true,"href":"https:\/\/diariodepernambuco.audiencelabs.com.br\/wp-json\/wp\/v2\/media\/9679"}],"wp:attachment":[{"href":"https:\/\/diariodepernambuco.audiencelabs.com.br\/wp-json\/wp\/v2\/media?parent=9678"}],"wp:term":[{"taxonomy":"category","embeddable":true,"href":"https:\/\/diariodepernambuco.audiencelabs.com.br\/wp-json\/wp\/v2\/categories?post=9678"},{"taxonomy":"post_tag","embeddable":true,"href":"https:\/\/diariodepernambuco.audiencelabs.com.br\/wp-json\/wp\/v2\/tags?post=9678"}],"curies":[{"name":"wp","href":"https:\/\/api.w.org\/{rel}","templated":true}]}}