{"id":9687,"date":"2025-11-21T10:30:00","date_gmt":"2025-11-21T13:30:00","guid":{"rendered":"https:\/\/diariodepernambuco.audiencelabs.com.br\/?p=9687"},"modified":"2025-11-21T13:13:47","modified_gmt":"2025-11-21T16:13:47","slug":"melhor-cidade-da-america-latina-para-visitar-nem-e-tao-valorizada-assim-e-as-vezes-e-ignorada-por-turistas","status":"publish","type":"post","link":"https:\/\/diariodepernambuco.audiencelabs.com.br\/melhor-cidade-da-america-latina-para-visitar-nem-e-tao-valorizada-assim-e-as-vezes-e-ignorada-por-turistas\/","title":{"rendered":"Melhor cidade da Am\u00e9rica Latina para visitar nem \u00e9 t\u00e3o valorizada assim e \u00e0s vezes \u00e9 ignorada por turistas"},"content":{"rendered":"\n<p>Apesar de ser conhecida como a \u201cParis da Am\u00e9rica do Sul\u201d e figurar em listas de destinos imperd\u00edveis, Buenos Aires, na Argentina, muitas vezes \u00e9 subestimada pelos turistas que visitam o continente. A cidade combina charme hist\u00f3rico, cultura vibrante e gastronomia renomada, mas ainda assim n\u00e3o recebe a aten\u00e7\u00e3o que merece em meio a destinos mais badalados da regi\u00e3o.<\/p>\n\n\n\n<p>Explorar suas ruas, caf\u00e9s cl\u00e1ssicos e bairros cheios de personalidade revela uma experi\u00eancia \u00fanica, que muitos viajantes acabam ignorando em suas rotas pela Am\u00e9rica Latina. Buenos Aires encanta por seus contrastes: enquanto bairros como Recoleta e Palermo exibem arquitetura elegante e ruas arborizadas, locais como San Telmo respiram hist\u00f3ria e tradi\u00e7\u00e3o, com feiras de antiguidades e tango a cada esquina.<\/p>\n\n\n\n<p>A cidade tamb\u00e9m se destaca pela cena cultural intensa, oferecendo museus renomados, teatros de alta qualidade e uma agenda constante de eventos art\u00edsticos. Para os amantes da gastronomia, a capital argentina \u00e9 um convite a experimentar desde os tradicionais cortes de carne em parrillas at\u00e9 doces ic\u00f4nicos como o alfajor, sem contar a famosa influ\u00eancia italiana presente em suas pizzas e massas.<\/p>\n\n\n\n<p>Al\u00e9m disso, Buenos Aires proporciona experi\u00eancias \u00fanicas para quem deseja se aprofundar na cultura local: caminhar pela Avenida 9 de Julho, assistir a um show de tango em La Boca ou simplesmente se perder pelas pra\u00e7as e caf\u00e9s hist\u00f3ricos \u00e9 mergulhar na alma portenha. Apesar de sua riqueza cultural e tur\u00edstica, a cidade ainda \u00e9 muitas vezes ofuscada por destinos mais populares da Am\u00e9rica Latina.<\/p>\n\n\n\n<h2 class=\"wp-block-heading\">As 10 cidades mais visitadas na Am\u00e9rica Latina<\/h2>\n\n\n<style>@media (min-width: 992px) {\n    .recomendadorV2Area1 {\n        width: 280px;\n    }\n    .recomendadorV2Area2 {\n        padding: 0px 20px;\n        width: calc(100% - 280px);\n    }\n}\n\n@media (max-width: 992px) {\n    .recomendadorV2Button {\n        margin: 0 auto;\n    }\n    .recomendadorV2Area {\n        flex-direction: column;\n        text-align: center;\n    }\n    .recomendadorV2Area2 {\n        padding: 0px 20px;\n    }\n}\n\n.recomendadorV2Area {\n    background: #eeeeee3d;\n    border-radius: 10px;\n    padding: 15px;\n    display: flex;\n    margin: 15px auto;\n    border: 1px solid #00000014;\n    max-width: 800px;\n}\n\n.recomendadorV2Area1 img {\n    width: 280px;\n    height: auto;\n    border-radius: 8px;\n}\n\n.linkrecomendadorv2 {\n    text-decoration: none !important;\n}\n\n.recomendadorV2Area2 .recomendadorV2Type {\n    text-transform: uppercase;\n    font-weight: 500;\n    font-size: 11px;\n    letter-spacing: 2px;\n    color: #666;\n    margin: 12px 0;\n    display: block;\n}\n\n.recomendadorV2Title h2 {\n    padding-top: 0px !important;\n    margin: 0px !important;\n    border-left: none !important;\n    padding-left: 0px !important;\n    line-height: 1.3;\n    color: #000 !important;\n    font-size: 24px;\n    margin-bottom: 12px !important;\n}\n\n.recomendadorV2Desc {\n    color: #333;\n    margin: 12px 0px !important;\n    font-size: 15px;\n    line-height: 1.5;\n}\n\n.recomendadorV2Button {\n    width: auto;\n    max-width: 200px;\n    margin: 0;\n    display: inline-flex;\n    align-items: center;\n    background: #1D3557;\n    border-radius: 8px;\n    color: #fff;\n    height: 36px;\n    justify-content: center;\n    text-align: center;\n    font-size: 14px;\n    padding: 0 20px;\n    transition: background-color 0.2s ease;\n}\n\n.recomendadorV2Button:hover {\n    background: #2a4d7a;\n}\n\n.recomendadorV2Button:after {\n    margin-top: -2px;\n    content: \"\u2192\";\n    padding: 0px 0px 0px 8px;\n}\n\n.recomendadorV2Alert {\n    text-align: left;\n    font-size: 11px;\n    margin-top: 8px;\n    color: #666;\n}\n\n.recomendadorFixedArea {\n    width: 100%;\n    display: flex;\n    justify-content: center;\n    align-items: center;\n}\n\n@media (min-width: 992px) {\n    #recomendadorFixed {\n        width: 32% !important;\n        left: 5%;\n    }\n    .recomendadorCloseFixed{\n        right: inherit !important;\n        left: 378px !important;\n    }\n}\n\n#recomendadorFixed {\n    width: 90%;\n    box-shadow: 0 10px 20px 0px #00000057;\n    display: none;\n    height: 90px;\n    background: #F6F6F6;\n    position: fixed;\n    flex-direction: row;\n    bottom: 10px;\n    z-index: 9999;\n    border-radius: 16px;\n    padding: 7px 10px;\n}\n\n.recomendadorLeftArea {\n    width: 160px;\n}\n\n.recomendadorRightArea h2 {\n    padding-top: 0px;\n    margin: 2px 0px 4px 0px !important;\n    font-weight: 400;\n    text-align: center;\n    padding-left: 0px !important;\n    color: #000 !important;\n    border-left: none !important;\n    line-height: 20px;\n    font-size: 12px !important;\n}\n\n.recomendadorImgFixed {\n    overflow: hidden;\n    padding: 8px 6px;\n    height: 100%;\n}\n\n.recomendadorImgFixed img {\n    height: 100% !important;\n    border-radius: 16px;\n}\n\n.recomendadorRightArea {\n    padding-top: 6px;\n    display: flex;\n    width: calc(100% - 130px);\n    justify-content: space-between;\n    align-items: center;\n    flex-direction: column;\n}\n\n.recomendadorButtonFixed {\n    margin: 0 auto;\n    background: #1D3557;\n    width: 80%;\n    text-align: center;\n    font-size: 10px;\n    color: #FFF;\n    padding: 2px 10px;\n    border-radius: 3px;\n}\n\n.recomendadorButtonFixed:after {\n    margin-top: -3px;\n    content: \"\u2192\";\n    padding: 0px 0px 0px 10px;\n}\n\n.recomendadorAlertFixed {\n    font-weight: 400;\n    text-align: center;\n    color: #484848;\n    font-size: 8px;\n}\n\n.recomendadorCloseFixed {\n    z-index: 99999;\n    display: none;\n    right: 0px;\n    left: inherit;\n    bottom: 99px;\n    position: fixed;\n    justify-content: center;\n    background: #F6F6F6;\n    width: 25px;\n    align-items: center;\n    height: 25px;\n    font-weight: 800;\n    border-radius: 50%;\n    border: 1px solid #EBEBEB;\n}\n\n.recomendadorV2Desc{\n    color: #000000;\n    margin: 20px 0px;\n}\n\n@media (max-width: 576px) {\n    .recomendadorV2Area {\n      padding: 10px;\n      max-width: 100%;\n    }\n  \n    .recomendadorV2Area1 img {\n      width: 100%;\n      border-radius: 6px;\n    }\n  \n    .recomendadorV2Area2 .recomendadorV2Type {\n      font-size: 9px;\n      letter-spacing: 1px;\n      margin: 8px 0;\n    }\n  \n    .recomendadorV2Title h2 {\n      font-size: 18px !important;\n      margin-bottom: 8px !important;\n      line-height: 1.2;\n    }\n  \n    .recomendadorV2Desc {\n      font-size: 14px;\n      margin: 8px 0 !important;\n      line-height: 1.4;\n    }\n  \n    .recomendadorV2Button {\n      font-size: 12px;\n      height: 30px;\n      padding: 0 12px;\n      max-width: 160px;\n    }\n  \n    .recomendadorV2Button:after {\n      padding-left: 6px;\n    }\n  }\n  <\/style>\n        <div class=\"lazyblock-recomendador-v2-2jDGz wp-block-lazyblock-recomendador-v2\">\n        <a class=\"linkrecomendadorv2\" href=\"https:\/\/diariodepernambuco.com.br\/dpmais\/lugar-misterioso-que-nunca-dorme-tem-milhoes-de-pessoas-passando-pelas-ruas-24h-por-dia\/?utm_source=lazy\" target=\"_blank\" rel=\"noopener\">\n            <div class=\"recomendadorV2Area\">\n            <div class=\"recomendadorV2Area1\">\n                <div class=\"recomendadorV2Img\">\n                <img class=\"lazyloaded\" decoding=\"async\" src=\"https:\/\/diariodepernambuco.com.br\/dpmais\/wp-content\/uploads\/2025\/11\/ba-750x375.jpg\" data-src=\"https:\/\/diariodepernambuco.com.br\/dpmais\/wp-content\/uploads\/2025\/11\/ba-750x375.jpg\" alt=\"\">\n                <\/div>\n            <\/div>\n            <div class=\"recomendadorV2Area2\">\n                <div class=\"recomendadorV2Type\">\n                    <span>DP Mais<\/span>\n                <\/div>\n                <div class=\"recomendadorV2Title\">\n                <h2><span>Cidade que n\u00e3o dorme \ud83c\udf03<\/span><\/h2>\n                <\/div>\n                <div class=\"recomendadorV2Desc\">\n                <span>Descubra o lugar sempre movimentado<\/span>\n                <\/div>\n                <div class=\"recomendadorV2Button\">Leia agora<\/div>\n                <div class=\"recomendadorV2Alert\"><\/div>\n            <\/div>\n            <\/div>\n        <\/a>\n        <div>\n            <div style=\"z-index:99999;\" id=\"buttonClose\" onclick=\"closeRecomendadorFixed()\">\n            <div class=\"recomendadorCloseFixed\">X<\/div>\n            <\/div>\n            <a href=\"https:\/\/diariodepernambuco.com.br\/dpmais\/lugar-misterioso-que-nunca-dorme-tem-milhoes-de-pessoas-passando-pelas-ruas-24h-por-dia\/?utm_source=lazy\" target=\"_blank\" rel=\"noopener\">\n            <div class=\"recomendadorFixedArea\">\n                <div id=\"recomendadorFixed\">\n                <div class=\"recomendadorLeftArea\">\n                    <div class=\"recomendadorImgFixed\">\n                    <img class=\"lazyload\" decoding=\"async\" src=\"https:\/\/diariodepernambuco.com.br\/dpmais\/wp-content\/uploads\/2025\/11\/ba-750x375.jpg\" alt=\"\">\n                    <\/div>\n                <\/div>\n                <div class=\"recomendadorRightArea\">\n                    <div class=\"recomendadorTitleFixed\">\n                    <h2><span>Cidade que n\u00e3o dorme \ud83c\udf03<\/span><\/h2>\n                    <\/div>\n                    <div class=\"recomendadorButtonFixed\">Leia agora<\/div>\n                    <div class=\"recomendadorAlertFixed\"><\/div>\n                <\/div>\n                <\/div>\n            <\/div>\n            <\/a>\n        <\/div>\n        <\/div>\n\n\n\n<ol class=\"wp-block-list\">\n<li>Canc\u00fan (M\u00e9xico) \u2014 ~6,04 milh\u00f5es de pernoites internacionais<\/li>\n\n\n\n<li>Punta Cana (Rep\u00fablica Dominicana) \u2014 ~3,89 milh\u00f5es<\/li>\n\n\n\n<li>Riviera Maya (M\u00e9xico) \u2014 ~3,17 milh\u00f5es<\/li>\n\n\n\n<li>Cidade do M\u00e9xico (M\u00e9xico) \u2014 ~3,16 milh\u00f5es<\/li>\n\n\n\n<li>Lima (Peru) \u2014 ~2,63 milh\u00f5es<\/li>\n\n\n\n<li>Santiago (Chile) \u2014 ~2,33 milh\u00f5es<\/li>\n\n\n\n<li>S\u00e3o Paulo (Brasil) \u2014 ~2,25 milh\u00f5es<\/li>\n\n\n\n<li>Buenos Aires (Argentina) \u2014 ~2,04 milh\u00f5es<\/li>\n\n\n\n<li>Cusco (Peru) \u2014 ~1,75 milh\u00f5es<\/li>\n\n\n\n<li>Cidade do Panam\u00e1 (Panam\u00e1) \u2014 ~1,49 milh\u00e3o<\/li>\n<\/ol>\n\n\n\n<p><strong>Dados: Global Destination Cities Index da Mastercard<\/strong><\/p>\n\n\n\n<p><\/p>\n","protected":false},"excerpt":{"rendered":"<p>Apesar de ser conhecida como a \u201cParis da Am\u00e9rica do Sul\u201d e figurar em listas de destinos imperd\u00edveis, Buenos Aires, na Argentina, muitas vezes \u00e9 subestimada pelos turistas que visitam o continente. A cidade combina charme hist\u00f3rico, cultura vibrante e gastronomia renomada, mas ainda assim n\u00e3o recebe a aten\u00e7\u00e3o que merece em meio a destinos [&hellip;]<\/p>\n","protected":false},"author":4,"featured_media":9690,"comment_status":"open","ping_status":"open","sticky":false,"template":"","format":"standard","meta":{"jnews-multi-image_gallery":[],"jnews_single_post":{"format":"standard"},"jnews_primary_category":[],"jnews_social_meta":[],"jnews_post_split":[],"footnotes":""},"categories":[1],"tags":[],"class_list":["post-9687","post","type-post","status-publish","format-standard","has-post-thumbnail","hentry","category-uncategorized"],"_links":{"self":[{"href":"https:\/\/diariodepernambuco.audiencelabs.com.br\/wp-json\/wp\/v2\/posts\/9687","targetHints":{"allow":["GET"]}}],"collection":[{"href":"https:\/\/diariodepernambuco.audiencelabs.com.br\/wp-json\/wp\/v2\/posts"}],"about":[{"href":"https:\/\/diariodepernambuco.audiencelabs.com.br\/wp-json\/wp\/v2\/types\/post"}],"author":[{"embeddable":true,"href":"https:\/\/diariodepernambuco.audiencelabs.com.br\/wp-json\/wp\/v2\/users\/4"}],"replies":[{"embeddable":true,"href":"https:\/\/diariodepernambuco.audiencelabs.com.br\/wp-json\/wp\/v2\/comments?post=9687"}],"version-history":[{"count":4,"href":"https:\/\/diariodepernambuco.audiencelabs.com.br\/wp-json\/wp\/v2\/posts\/9687\/revisions"}],"predecessor-version":[{"id":9867,"href":"https:\/\/diariodepernambuco.audiencelabs.com.br\/wp-json\/wp\/v2\/posts\/9687\/revisions\/9867"}],"wp:featuredmedia":[{"embeddable":true,"href":"https:\/\/diariodepernambuco.audiencelabs.com.br\/wp-json\/wp\/v2\/media\/9690"}],"wp:attachment":[{"href":"https:\/\/diariodepernambuco.audiencelabs.com.br\/wp-json\/wp\/v2\/media?parent=9687"}],"wp:term":[{"taxonomy":"category","embeddable":true,"href":"https:\/\/diariodepernambuco.audiencelabs.com.br\/wp-json\/wp\/v2\/categories?post=9687"},{"taxonomy":"post_tag","embeddable":true,"href":"https:\/\/diariodepernambuco.audiencelabs.com.br\/wp-json\/wp\/v2\/tags?post=9687"}],"curies":[{"name":"wp","href":"https:\/\/api.w.org\/{rel}","templated":true}]}}