{"id":9692,"date":"2025-11-19T08:45:03","date_gmt":"2025-11-19T11:45:03","guid":{"rendered":"https:\/\/diariodepernambuco.audiencelabs.com.br\/?p=9692"},"modified":"2025-11-19T11:14:04","modified_gmt":"2025-11-19T14:14:04","slug":"lideres-religiosos-articularam-ordem-e-venda-de-cerveja-e-outras-bebidas-alcoolicas-esta-proibida-por-lei-neste-pais","status":"publish","type":"post","link":"https:\/\/diariodepernambuco.audiencelabs.com.br\/lideres-religiosos-articularam-ordem-e-venda-de-cerveja-e-outras-bebidas-alcoolicas-esta-proibida-por-lei-neste-pais\/","title":{"rendered":"L\u00edderes religiosos articularam ordem e venda de cerveja e outras bebidas alco\u00f3licas est\u00e3o proibida por lei neste pa\u00eds"},"content":{"rendered":"\n<p>Autoridades da Ar\u00e1bia Saudita desmentiram rumores de que o pa\u00eds estaria prestes a revogar a proibi\u00e7\u00e3o do consumo de \u00e1lcool. A informa\u00e7\u00e3o circulou internacionalmente e provocou intenso debate nas redes sociais, considerando que a Ar\u00e1bia Saudita, ber\u00e7o do Isl\u00e3, mant\u00e9m a proibi\u00e7\u00e3o para mu\u00e7ulmanos h\u00e1 73 anos.<\/p>\n\n\n\n<p>Atualmente, apenas a Ar\u00e1bia Saudita e o Kuwait mant\u00eam a proibi\u00e7\u00e3o total da venda de bebidas alco\u00f3licas no Golfo. Apesar de n\u00e3o ter liberado o consumo em geral, o pa\u00eds deu um pequeno passo em 2023 ao permitir a inaugura\u00e7\u00e3o da primeira loja de bebidas alco\u00f3licas em Riad. Voltada exclusivamente para diplomatas n\u00e3o mu\u00e7ulmanos, a iniciativa representou uma mudan\u00e7a discreta, mas simb\u00f3lica.<\/p>\n\n\n\n<h2 class=\"wp-block-heading\">Bebidas alco\u00f3licas seguem proibidas <\/h2>\n\n\n\n<p>Nos \u00faltimos anos, o Reino da Ar\u00e1bia Saudita tem promovido uma s\u00e9rie de reformas sociais e econ\u00f4micas sob a lideran\u00e7a do pr\u00edncipe herdeiro Mohammed bin Salman. Entre as mudan\u00e7as mais not\u00e1veis est\u00e3o o fim da proibi\u00e7\u00e3o para mulheres dirigirem, a flexibiliza\u00e7\u00e3o da segrega\u00e7\u00e3o de g\u00eanero em espa\u00e7os p\u00fablicos e a redu\u00e7\u00e3o do poder da pol\u00edcia religiosa.<\/p>\n\n\n\n<p>No \u00e2mbito da Vis\u00e3o 2030, o governo intensificou esfor\u00e7os para diversificar a economia e reduzir a depend\u00eancia do petr\u00f3leo. Como resultado, o pa\u00eds passou a receber eventos culturais in\u00e9ditos, como festivais de m\u00fasica no deserto, desfiles de moda e sess\u00f5es de cinema, iniciativas que t\u00eam como objetivo impulsionar o turismo e atrair investimentos estrangeiros.<\/p>\n\n\n\n<p>Embora continue exercendo grande influ\u00eancia em quest\u00f5es sens\u00edveis, o rei da Ar\u00e1bia Saudita \u2014 conhecido como Guardi\u00e3o das Duas Mesquitas Sagradas, em refer\u00eancia a Meca e Medina \u2014 mant\u00e9m firme o controle sobre assuntos religiosos. Nesse contexto, a ampla repercuss\u00e3o do rumor sobre a libera\u00e7\u00e3o do \u00e1lcool evidencia como esse tema ainda \u00e9 altamente delicado no pa\u00eds.<\/p>\n\n\n\n<p><\/p>\n","protected":false},"excerpt":{"rendered":"<p>Autoridades da Ar\u00e1bia Saudita desmentiram rumores de que o pa\u00eds estaria prestes a revogar a proibi\u00e7\u00e3o do consumo de \u00e1lcool. A informa\u00e7\u00e3o circulou internacionalmente e provocou intenso debate nas redes sociais, considerando que a Ar\u00e1bia Saudita, ber\u00e7o do Isl\u00e3, mant\u00e9m a proibi\u00e7\u00e3o para mu\u00e7ulmanos h\u00e1 73 anos. Atualmente, apenas a Ar\u00e1bia Saudita e o Kuwait [&hellip;]<\/p>\n","protected":false},"author":4,"featured_media":9693,"comment_status":"open","ping_status":"open","sticky":false,"template":"","format":"standard","meta":{"jnews-multi-image_gallery":[],"jnews_single_post":{"format":"standard"},"jnews_primary_category":[],"jnews_social_meta":[],"jnews_post_split":[],"footnotes":""},"categories":[1],"tags":[],"class_list":["post-9692","post","type-post","status-publish","format-standard","has-post-thumbnail","hentry","category-uncategorized"],"_links":{"self":[{"href":"https:\/\/diariodepernambuco.audiencelabs.com.br\/wp-json\/wp\/v2\/posts\/9692","targetHints":{"allow":["GET"]}}],"collection":[{"href":"https:\/\/diariodepernambuco.audiencelabs.com.br\/wp-json\/wp\/v2\/posts"}],"about":[{"href":"https:\/\/diariodepernambuco.audiencelabs.com.br\/wp-json\/wp\/v2\/types\/post"}],"author":[{"embeddable":true,"href":"https:\/\/diariodepernambuco.audiencelabs.com.br\/wp-json\/wp\/v2\/users\/4"}],"replies":[{"embeddable":true,"href":"https:\/\/diariodepernambuco.audiencelabs.com.br\/wp-json\/wp\/v2\/comments?post=9692"}],"version-history":[{"count":3,"href":"https:\/\/diariodepernambuco.audiencelabs.com.br\/wp-json\/wp\/v2\/posts\/9692\/revisions"}],"predecessor-version":[{"id":9739,"href":"https:\/\/diariodepernambuco.audiencelabs.com.br\/wp-json\/wp\/v2\/posts\/9692\/revisions\/9739"}],"wp:featuredmedia":[{"embeddable":true,"href":"https:\/\/diariodepernambuco.audiencelabs.com.br\/wp-json\/wp\/v2\/media\/9693"}],"wp:attachment":[{"href":"https:\/\/diariodepernambuco.audiencelabs.com.br\/wp-json\/wp\/v2\/media?parent=9692"}],"wp:term":[{"taxonomy":"category","embeddable":true,"href":"https:\/\/diariodepernambuco.audiencelabs.com.br\/wp-json\/wp\/v2\/categories?post=9692"},{"taxonomy":"post_tag","embeddable":true,"href":"https:\/\/diariodepernambuco.audiencelabs.com.br\/wp-json\/wp\/v2\/tags?post=9692"}],"curies":[{"name":"wp","href":"https:\/\/api.w.org\/{rel}","templated":true}]}}