{"id":9695,"date":"2025-11-19T08:53:06","date_gmt":"2025-11-19T11:53:06","guid":{"rendered":"https:\/\/diariodepernambuco.audiencelabs.com.br\/?p=9695"},"modified":"2025-11-19T08:53:08","modified_gmt":"2025-11-19T11:53:08","slug":"mulheres-que-recebem-bolsa-familia-ganham-presentao-do-governo-que-salva-a-saude-de-muitos","status":"publish","type":"post","link":"https:\/\/diariodepernambuco.audiencelabs.com.br\/mulheres-que-recebem-bolsa-familia-ganham-presentao-do-governo-que-salva-a-saude-de-muitos\/","title":{"rendered":"Mulheres que recebem Bolsa Fam\u00edlia ganham present\u00e3o do Governo que salva a sa\u00fade de muitos"},"content":{"rendered":"\n<p>Uma importante conquista chega com o pagamento do Bolsa Fam\u00edlia em novembro a todos os benefici\u00e1rios do programa social. A iniciativa impacta especialmente as mulheres e evidencia como o aux\u00edlio tem contribu\u00eddo para a sa\u00fade p\u00fablica, ajudando a reduzir casos e mortes por HIV e Aids entre os grupos mais vulner\u00e1veis.<\/p>\n\n\n\n<p>Isso acontece porque o Bolsa Fam\u00edlia vai al\u00e9m de ser apenas um programa que visa dar uma ajuda financeira aos brasileiros. O benef\u00edcio tem objetivo de realmente fazer a diferen\u00e7a na vida das fam\u00edlia, al\u00e9m do combate a pobreza, tamb\u00e9m melhorando o acesso \u00e0 sa\u00fade e aos direitos b\u00e1sicos.<\/p>\n\n\n\n<p>Conforme dados oficiais, uma grande pesquisa realizada pelo Instituto de Sa\u00fade Coletiva da UFBA junto com a Fiocruz Bahia e a Universidade da Calif\u00f3rnia analisou informa\u00e7\u00f5es de quase 2,8 milh\u00f5es de brasileiros durante nove anos. A pesquisa integrou informa\u00e7\u00f5es do Cadastro \u00danico, do sistema de notifica\u00e7\u00f5es e do sistema de mortalidade do Minist\u00e9rio da Sa\u00fade.<\/p>\n\n\n\n<p>O estudo revelou que os benefici\u00e1rios do Bolsa Fam\u00edlia t\u00eam 41% menos probabilidade de desenvolver Aids e 25% menor risco de morrer da doen\u00e7a em compara\u00e7\u00e3o com quem n\u00e3o recebe o benef\u00edcio. Essa melhoria est\u00e1 diretamente relacionada \u00e0 estrutura do programa.<\/p>\n\n\n\n<p>Al\u00e9m de garantir uma renda m\u00ednima, o Bolsa Fam\u00edlia imp\u00f5e condicionalidades que conectam as fam\u00edlias aos servi\u00e7os p\u00fablicos, como manter a vacina\u00e7\u00e3o infantil em dia, realizar o acompanhamento pr\u00e9-natal e garantir a frequ\u00eancia escolar das crian\u00e7as.<\/p>\n\n\n\n<p>Dessa forma, as fam\u00edlias passam a ter contato cont\u00ednuo com unidades de sa\u00fade, aumentando as chances de realizar exames, receber diagn\u00f3sticos precoces e iniciar o tratamento antirretroviral. O Sistema \u00danico de Sa\u00fade (SUS) oferece uma rede completa de servi\u00e7os para a preven\u00e7\u00e3o e o tratamento do HIV\/Aids, dispon\u00edvel para toda a popula\u00e7\u00e3o.<\/p>\n\n\n\n<p><\/p>\n","protected":false},"excerpt":{"rendered":"<p>Uma importante conquista chega com o pagamento do Bolsa Fam\u00edlia em novembro a todos os benefici\u00e1rios do programa social. A iniciativa impacta especialmente as mulheres e evidencia como o aux\u00edlio tem contribu\u00eddo para a sa\u00fade p\u00fablica, ajudando a reduzir casos e mortes por HIV e Aids entre os grupos mais vulner\u00e1veis. Isso acontece porque o [&hellip;]<\/p>\n","protected":false},"author":4,"featured_media":5448,"comment_status":"open","ping_status":"open","sticky":false,"template":"","format":"standard","meta":{"jnews-multi-image_gallery":[],"jnews_single_post":{"format":"standard"},"jnews_primary_category":[],"jnews_social_meta":[],"jnews_post_split":[],"footnotes":""},"categories":[1],"tags":[],"class_list":["post-9695","post","type-post","status-publish","format-standard","has-post-thumbnail","hentry","category-uncategorized"],"_links":{"self":[{"href":"https:\/\/diariodepernambuco.audiencelabs.com.br\/wp-json\/wp\/v2\/posts\/9695","targetHints":{"allow":["GET"]}}],"collection":[{"href":"https:\/\/diariodepernambuco.audiencelabs.com.br\/wp-json\/wp\/v2\/posts"}],"about":[{"href":"https:\/\/diariodepernambuco.audiencelabs.com.br\/wp-json\/wp\/v2\/types\/post"}],"author":[{"embeddable":true,"href":"https:\/\/diariodepernambuco.audiencelabs.com.br\/wp-json\/wp\/v2\/users\/4"}],"replies":[{"embeddable":true,"href":"https:\/\/diariodepernambuco.audiencelabs.com.br\/wp-json\/wp\/v2\/comments?post=9695"}],"version-history":[{"count":1,"href":"https:\/\/diariodepernambuco.audiencelabs.com.br\/wp-json\/wp\/v2\/posts\/9695\/revisions"}],"predecessor-version":[{"id":9696,"href":"https:\/\/diariodepernambuco.audiencelabs.com.br\/wp-json\/wp\/v2\/posts\/9695\/revisions\/9696"}],"wp:featuredmedia":[{"embeddable":true,"href":"https:\/\/diariodepernambuco.audiencelabs.com.br\/wp-json\/wp\/v2\/media\/5448"}],"wp:attachment":[{"href":"https:\/\/diariodepernambuco.audiencelabs.com.br\/wp-json\/wp\/v2\/media?parent=9695"}],"wp:term":[{"taxonomy":"category","embeddable":true,"href":"https:\/\/diariodepernambuco.audiencelabs.com.br\/wp-json\/wp\/v2\/categories?post=9695"},{"taxonomy":"post_tag","embeddable":true,"href":"https:\/\/diariodepernambuco.audiencelabs.com.br\/wp-json\/wp\/v2\/tags?post=9695"}],"curies":[{"name":"wp","href":"https:\/\/api.w.org\/{rel}","templated":true}]}}