{"id":9724,"date":"2025-11-19T10:32:09","date_gmt":"2025-11-19T13:32:09","guid":{"rendered":"https:\/\/diariodepernambuco.audiencelabs.com.br\/?p=9724"},"modified":"2025-11-19T10:32:12","modified_gmt":"2025-11-19T13:32:12","slug":"nomes-masculinos-populares-ja-decadas-simplesmente-estao-sumindo-dos-registros-civis-brasileiros","status":"publish","type":"post","link":"https:\/\/diariodepernambuco.audiencelabs.com.br\/nomes-masculinos-populares-ja-decadas-simplesmente-estao-sumindo-dos-registros-civis-brasileiros\/","title":{"rendered":"Nomes masculinos populares j\u00e1 d\u00e9cadas simplesmente est\u00e3o sumindo dos registros civis brasileiros"},"content":{"rendered":"\n<p>Waldemar, Sebasti\u00e3o, Valdecir, Cl\u00f3vis, Tertuliano. Para quem viveu sua inf\u00e2ncia ou juventude at\u00e9 os anos 1970, esses nomes eram parte natural do cotidiano. J\u00e1 para quem nasceu depois dos anos 1990, soa quase improv\u00e1vel imaginar uma crian\u00e7a recebendo um desses registros. A sensa\u00e7\u00e3o de desaparecimento n\u00e3o \u00e9 impress\u00e3o: ela \u00e9 confirmada pelos n\u00fameros.<\/p>\n\n\n\n<h3 class=\"wp-block-heading\">Do auge nos cart\u00f3rios ao quase apagamento<\/h3>\n\n\n\n<p>Dados do IBGE mostram uma reviravolta marcante no perfil dos nomes masculinos no Brasil. Entre as d\u00e9cadas de 1940 e 1970, nomes como Expedito, Geraldo, Waldomiro, Osvaldo, Alcides e Odair figuravam entre os mais populares do pa\u00eds, chegando a ocupar posi\u00e7\u00f5es de destaque nos cart\u00f3rios. Eram escolhas associadas a tradi\u00e7\u00e3o, religiosidade e \u00e0s heran\u00e7as culturais trazidas por imigrantes europeus.<\/p>\n\n\n\n<p>Hoje, o cen\u00e1rio \u00e9 completamente distinto. Em 2023, Miguel, Jo\u00e3o, Gabriel, Arthur e Heitor lideraram com folga os registros de nascimento, enquanto nomes como Arlindo e Eurico aparecem de forma quase simb\u00f3lica, com n\u00fameros t\u00e3o baixos que, em muitos munic\u00edpios, passam anos sem um \u00fanico registro.<\/p>\n\n\n\n<h3 class=\"wp-block-heading\">Mudan\u00e7as culturais ditam o ritmo<\/h3>\n\n\n\n<p>O fen\u00f4meno n\u00e3o se explica apenas pela moda. As escolhas de nomes acompanham transforma\u00e7\u00f5es sociais. Prefixos como \u201cVal-\u201d e \u201cWal-\u201d e termina\u00e7\u00f5es como \u201c-aldo\u201d, \u201c-ino\u201d e \u201c-ir\u201d eram marcantes em fam\u00edlias influenciadas por refer\u00eancias germ\u00e2nicas e ib\u00e9ricas, valorizando significados ligados a for\u00e7a, coragem e honra.<\/p>\n\n\n\n<p>As gera\u00e7\u00f5es atuais, por outro lado, t\u00eam buscado nomes curtos, internacionais e de f\u00e1cil pron\u00fancia, influenciados por celebridades, personagens de s\u00e9ries e uma tend\u00eancia global de simplifica\u00e7\u00e3o. A est\u00e9tica sonora passou a importar mais do que a ancestralidade.<\/p>\n\n\n\n<h3 class=\"wp-block-heading\">V\u00e3o voltar um dia?<\/h3>\n\n\n\n<p>O mais curioso \u00e9 que muitos desses nomes considerados \u201cantigos\u201d carregam significados nobres e hist\u00f3rias ricas, mas se tornaram sin\u00f4nimo de \u201cnome de velho\u201d, um estigma que parece dif\u00edcil de quebrar. No Brasil, onde costumes mudam rapidamente, o que j\u00e1 foi s\u00edmbolo de prest\u00edgio hoje luta para n\u00e3o desaparecer de vez.<\/p>\n\n\n\n<p>Resta saber se, como tantas modas que retornam, esses nomes tamb\u00e9m encontrar\u00e3o um caminho de volta \u00e0s certid\u00f5es no futuro.<\/p>\n","protected":false},"excerpt":{"rendered":"<p>Waldemar, Sebasti\u00e3o, Valdecir, Cl\u00f3vis, Tertuliano. Para quem viveu sua inf\u00e2ncia ou juventude at\u00e9 os anos 1970, esses nomes eram parte natural do cotidiano. J\u00e1 para quem nasceu depois dos anos 1990, soa quase improv\u00e1vel imaginar uma crian\u00e7a recebendo um desses registros. A sensa\u00e7\u00e3o de desaparecimento n\u00e3o \u00e9 impress\u00e3o: ela \u00e9 confirmada pelos n\u00fameros. Do auge [&hellip;]<\/p>\n","protected":false},"author":7,"featured_media":6740,"comment_status":"open","ping_status":"open","sticky":false,"template":"","format":"standard","meta":{"jnews-multi-image_gallery":[],"jnews_single_post":{"format":"standard"},"jnews_primary_category":[],"jnews_social_meta":[],"jnews_post_split":[],"footnotes":""},"categories":[1],"tags":[],"class_list":["post-9724","post","type-post","status-publish","format-standard","has-post-thumbnail","hentry","category-uncategorized"],"_links":{"self":[{"href":"https:\/\/diariodepernambuco.audiencelabs.com.br\/wp-json\/wp\/v2\/posts\/9724","targetHints":{"allow":["GET"]}}],"collection":[{"href":"https:\/\/diariodepernambuco.audiencelabs.com.br\/wp-json\/wp\/v2\/posts"}],"about":[{"href":"https:\/\/diariodepernambuco.audiencelabs.com.br\/wp-json\/wp\/v2\/types\/post"}],"author":[{"embeddable":true,"href":"https:\/\/diariodepernambuco.audiencelabs.com.br\/wp-json\/wp\/v2\/users\/7"}],"replies":[{"embeddable":true,"href":"https:\/\/diariodepernambuco.audiencelabs.com.br\/wp-json\/wp\/v2\/comments?post=9724"}],"version-history":[{"count":1,"href":"https:\/\/diariodepernambuco.audiencelabs.com.br\/wp-json\/wp\/v2\/posts\/9724\/revisions"}],"predecessor-version":[{"id":9725,"href":"https:\/\/diariodepernambuco.audiencelabs.com.br\/wp-json\/wp\/v2\/posts\/9724\/revisions\/9725"}],"wp:featuredmedia":[{"embeddable":true,"href":"https:\/\/diariodepernambuco.audiencelabs.com.br\/wp-json\/wp\/v2\/media\/6740"}],"wp:attachment":[{"href":"https:\/\/diariodepernambuco.audiencelabs.com.br\/wp-json\/wp\/v2\/media?parent=9724"}],"wp:term":[{"taxonomy":"category","embeddable":true,"href":"https:\/\/diariodepernambuco.audiencelabs.com.br\/wp-json\/wp\/v2\/categories?post=9724"},{"taxonomy":"post_tag","embeddable":true,"href":"https:\/\/diariodepernambuco.audiencelabs.com.br\/wp-json\/wp\/v2\/tags?post=9724"}],"curies":[{"name":"wp","href":"https:\/\/api.w.org\/{rel}","templated":true}]}}