{"id":9726,"date":"2025-11-19T10:40:06","date_gmt":"2025-11-19T13:40:06","guid":{"rendered":"https:\/\/diariodepernambuco.audiencelabs.com.br\/?p=9726"},"modified":"2025-11-19T14:15:28","modified_gmt":"2025-11-19T17:15:28","slug":"lei-aprovada-exclui-limite-e-radares-de-velocidade-das-estradas-e-carros-podem-andar-livres-neste-pais","status":"publish","type":"post","link":"https:\/\/diariodepernambuco.audiencelabs.com.br\/lei-aprovada-exclui-limite-e-radares-de-velocidade-das-estradas-e-carros-podem-andar-livres-neste-pais\/","title":{"rendered":"Lei aprovada exclui limite e radares de velocidade das estradas e carros podem andar livres neste pa\u00eds"},"content":{"rendered":"\n<p>O fasc\u00ednio dos brasileiros pelas estradas alem\u00e3s n\u00e3o \u00e9 de hoje. As famosas autobahns, rodovias que contam com trechos sem limite de velocidade, s\u00e3o quase um mito para quem sonha em dirigir sem as restri\u00e7\u00f5es comuns no Brasil. Mas, ao contr\u00e1rio do que muita gente imagina, n\u00e3o se trata de um territ\u00f3rio sem regras ou fiscaliza\u00e7\u00e3o. Estive recentemente em Munique e Regensburg, a convite da BMW, e pude vivenciar na pr\u00e1tica como funciona essa estrutura admirada no mundo todo.<\/p>\n\n\n\n<h3 class=\"wp-block-heading\">Respeito absoluto \u00e0s regras<\/h3>\n\n\n\n<p>Antes de falar dos trechos sem limite, \u00e9 importante entender o comportamento dos motoristas alem\u00e3es. Nas regi\u00f5es urbanas, os limites de 50 km\/h e 60 km\/h s\u00e3o levados com extrema seriedade, especialmente em \u00e1reas pr\u00f3ximas a escolas. Ultrapassar o limite pode custar at\u00e9 a suspens\u00e3o da carteira. E ao contr\u00e1rio do que vemos no Brasil, onde cruzar far\u00f3is vermelhos \u00e0 noite se tornou estrat\u00e9gia de autoprote\u00e7\u00e3o, l\u00e1 ningu\u00e9m ousa fazer o mesmo. Pedestres e ciclistas tamb\u00e9m seguem fielmente a sinaliza\u00e7\u00e3o, salvo raras exce\u00e7\u00f5es.<\/p>\n\n\n\n<p>Curiosamente, o motorista alem\u00e3o costuma ser mais lento e cauteloso do que o brasileiro. Mesmo com pistas livres, acelera\u00e7\u00f5es bruscas s\u00e3o raras e o limite \u00e9 respeitado com naturalidade. D\u00e1 at\u00e9 para comparar com os chamados \u201cdomingueiros\u201d daqui, conhecidos por dirigir com calma excessiva.<\/p>\n\n\n\n<h3 class=\"wp-block-heading\">Quando a pista se abre: os trechos sem limite<\/h3>\n\n\n<style>@media (min-width: 992px) {\n    .recomendadorV2Area1 {\n        width: 280px;\n    }\n    .recomendadorV2Area2 {\n        padding: 0px 20px;\n        width: calc(100% - 280px);\n    }\n}\n\n@media (max-width: 992px) {\n    .recomendadorV2Button {\n        margin: 0 auto;\n    }\n    .recomendadorV2Area {\n        flex-direction: column;\n        text-align: center;\n    }\n    .recomendadorV2Area2 {\n        padding: 0px 20px;\n    }\n}\n\n.recomendadorV2Area {\n    background: #eeeeee3d;\n    border-radius: 10px;\n    padding: 15px;\n    display: flex;\n    margin: 15px auto;\n    border: 1px solid #00000014;\n    max-width: 800px;\n}\n\n.recomendadorV2Area1 img {\n    width: 280px;\n    height: auto;\n    border-radius: 8px;\n}\n\n.linkrecomendadorv2 {\n    text-decoration: none !important;\n}\n\n.recomendadorV2Area2 .recomendadorV2Type {\n    text-transform: uppercase;\n    font-weight: 500;\n    font-size: 11px;\n    letter-spacing: 2px;\n    color: #666;\n    margin: 12px 0;\n    display: block;\n}\n\n.recomendadorV2Title h2 {\n    padding-top: 0px !important;\n    margin: 0px !important;\n    border-left: none !important;\n    padding-left: 0px !important;\n    line-height: 1.3;\n    color: #000 !important;\n    font-size: 24px;\n    margin-bottom: 12px !important;\n}\n\n.recomendadorV2Desc {\n    color: #333;\n    margin: 12px 0px !important;\n    font-size: 15px;\n    line-height: 1.5;\n}\n\n.recomendadorV2Button {\n    width: auto;\n    max-width: 200px;\n    margin: 0;\n    display: inline-flex;\n    align-items: center;\n    background: #1D3557;\n    border-radius: 8px;\n    color: #fff;\n    height: 36px;\n    justify-content: center;\n    text-align: center;\n    font-size: 14px;\n    padding: 0 20px;\n    transition: background-color 0.2s ease;\n}\n\n.recomendadorV2Button:hover {\n    background: #2a4d7a;\n}\n\n.recomendadorV2Button:after {\n    margin-top: -2px;\n    content: \"\u2192\";\n    padding: 0px 0px 0px 8px;\n}\n\n.recomendadorV2Alert {\n    text-align: left;\n    font-size: 11px;\n    margin-top: 8px;\n    color: #666;\n}\n\n.recomendadorFixedArea {\n    width: 100%;\n    display: flex;\n    justify-content: center;\n    align-items: center;\n}\n\n@media (min-width: 992px) {\n    #recomendadorFixed {\n        width: 32% !important;\n        left: 5%;\n    }\n    .recomendadorCloseFixed{\n        right: inherit !important;\n        left: 378px !important;\n    }\n}\n\n#recomendadorFixed {\n    width: 90%;\n    box-shadow: 0 10px 20px 0px #00000057;\n    display: none;\n    height: 90px;\n    background: #F6F6F6;\n    position: fixed;\n    flex-direction: row;\n    bottom: 10px;\n    z-index: 9999;\n    border-radius: 16px;\n    padding: 7px 10px;\n}\n\n.recomendadorLeftArea {\n    width: 160px;\n}\n\n.recomendadorRightArea h2 {\n    padding-top: 0px;\n    margin: 2px 0px 4px 0px !important;\n    font-weight: 400;\n    text-align: center;\n    padding-left: 0px !important;\n    color: #000 !important;\n    border-left: none !important;\n    line-height: 20px;\n    font-size: 12px !important;\n}\n\n.recomendadorImgFixed {\n    overflow: hidden;\n    padding: 8px 6px;\n    height: 100%;\n}\n\n.recomendadorImgFixed img {\n    height: 100% !important;\n    border-radius: 16px;\n}\n\n.recomendadorRightArea {\n    padding-top: 6px;\n    display: flex;\n    width: calc(100% - 130px);\n    justify-content: space-between;\n    align-items: center;\n    flex-direction: column;\n}\n\n.recomendadorButtonFixed {\n    margin: 0 auto;\n    background: #1D3557;\n    width: 80%;\n    text-align: center;\n    font-size: 10px;\n    color: #FFF;\n    padding: 2px 10px;\n    border-radius: 3px;\n}\n\n.recomendadorButtonFixed:after {\n    margin-top: -3px;\n    content: \"\u2192\";\n    padding: 0px 0px 0px 10px;\n}\n\n.recomendadorAlertFixed {\n    font-weight: 400;\n    text-align: center;\n    color: #484848;\n    font-size: 8px;\n}\n\n.recomendadorCloseFixed {\n    z-index: 99999;\n    display: none;\n    right: 0px;\n    left: inherit;\n    bottom: 99px;\n    position: fixed;\n    justify-content: center;\n    background: #F6F6F6;\n    width: 25px;\n    align-items: center;\n    height: 25px;\n    font-weight: 800;\n    border-radius: 50%;\n    border: 1px solid #EBEBEB;\n}\n\n.recomendadorV2Desc{\n    color: #000000;\n    margin: 20px 0px;\n}\n\n@media (max-width: 576px) {\n    .recomendadorV2Area {\n      padding: 10px;\n      max-width: 100%;\n    }\n  \n    .recomendadorV2Area1 img {\n      width: 100%;\n      border-radius: 6px;\n    }\n  \n    .recomendadorV2Area2 .recomendadorV2Type {\n      font-size: 9px;\n      letter-spacing: 1px;\n      margin: 8px 0;\n    }\n  \n    .recomendadorV2Title h2 {\n      font-size: 18px !important;\n      margin-bottom: 8px !important;\n      line-height: 1.2;\n    }\n  \n    .recomendadorV2Desc {\n      font-size: 14px;\n      margin: 8px 0 !important;\n      line-height: 1.4;\n    }\n  \n    .recomendadorV2Button {\n      font-size: 12px;\n      height: 30px;\n      padding: 0 12px;\n      max-width: 160px;\n    }\n  \n    .recomendadorV2Button:after {\n      padding-left: 6px;\n    }\n  }\n  <\/style>\n        <div class=\"lazyblock-recomendador-v2-2jDGz wp-block-lazyblock-recomendador-v2\">\n        <a class=\"linkrecomendadorv2\" href=\"https:\/\/diariodepernambuco.com.br\/dpmais\/urgente-pedro-se-despede-e-esta-fora-no-flamengo\/?utm_source=lazy\" target=\"_blank\" rel=\"noopener\">\n            <div class=\"recomendadorV2Area\">\n            <div class=\"recomendadorV2Area1\">\n                <div class=\"recomendadorV2Img\">\n                <img class=\"lazyloaded\" decoding=\"async\" src=\"https:\/\/diariodepernambuco.com.br\/dpmais\/wp-content\/uploads\/2025\/11\/Pedro-Flamengo-1140x570.jpg\" data-src=\"https:\/\/diariodepernambuco.com.br\/dpmais\/wp-content\/uploads\/2025\/11\/Pedro-Flamengo-1140x570.jpg\" alt=\"\">\n                <\/div>\n            <\/div>\n            <div class=\"recomendadorV2Area2\">\n                <div class=\"recomendadorV2Type\">\n                    <span>Esporte Hoje<\/span>\n                <\/div>\n                <div class=\"recomendadorV2Title\">\n                <h2><span>Pedro fora \ud83d\udd25<\/span><\/h2>\n                <\/div>\n                <div class=\"recomendadorV2Desc\">\n                <span>Atacante se despede e est\u00e1 fora do Flamengo<\/span>\n                <\/div>\n                <div class=\"recomendadorV2Button\">Ver detalhes<\/div>\n                <div class=\"recomendadorV2Alert\"><\/div>\n            <\/div>\n            <\/div>\n        <\/a>\n        <div>\n            <div style=\"z-index:99999;\" id=\"buttonClose\" onclick=\"closeRecomendadorFixed()\">\n            <div class=\"recomendadorCloseFixed\">X<\/div>\n            <\/div>\n            <a href=\"https:\/\/diariodepernambuco.com.br\/dpmais\/urgente-pedro-se-despede-e-esta-fora-no-flamengo\/?utm_source=lazy\" target=\"_blank\" rel=\"noopener\">\n            <div class=\"recomendadorFixedArea\">\n                <div id=\"recomendadorFixed\">\n                <div class=\"recomendadorLeftArea\">\n                    <div class=\"recomendadorImgFixed\">\n                    <img class=\"lazyload\" decoding=\"async\" src=\"https:\/\/diariodepernambuco.com.br\/dpmais\/wp-content\/uploads\/2025\/11\/Pedro-Flamengo-1140x570.jpg\" alt=\"\">\n                    <\/div>\n                <\/div>\n                <div class=\"recomendadorRightArea\">\n                    <div class=\"recomendadorTitleFixed\">\n                    <h2><span>Pedro fora \ud83d\udd25<\/span><\/h2>\n                    <\/div>\n                    <div class=\"recomendadorButtonFixed\">Ver detalhes<\/div>\n                    <div class=\"recomendadorAlertFixed\"><\/div>\n                <\/div>\n                <\/div>\n            <\/div>\n            <\/a>\n        <\/div>\n        <\/div>\n\n\n\n<p>Nas autobahns, os limites aparecem tanto em placas tradicionais quanto em pain\u00e9is eletr\u00f4nicos, que podem ser alterados conforme o tr\u00e2nsito e o clima. Na maior parte do tempo o limite \u00e9 130 km\/h. Mas quando surge a placa branca cortada por cinco faixas pretas, come\u00e7a o trecho onde a velocidade \u00e9 livre.<\/p>\n\n\n\n<p>Mesmo assim, regras importantes s\u00e3o seguidas \u00e0 risca. A faixa da esquerda serve exclusivamente para ultrapassagens e ningu\u00e9m ultrapassa pela direita, infra\u00e7\u00e3o tanto l\u00e1 quanto no Brasil. Caminh\u00f5es permanecem na direita a cerca de 120 km\/h, contribuindo para o fluxo organizado.<\/p>\n\n\n\n<h3 class=\"wp-block-heading\">Seguran\u00e7a acima do impulso<\/h3>\n\n\n\n<p>Viajar a 200 km\/h em um BMW M340i \u00e9 emocionante, mas impressiona ainda mais a estrutura que permite isso com tanta seguran\u00e7a: asfalto impec\u00e1vel, aus\u00eancia de ped\u00e1gios, monitoramento digital constante e avisos imediatos quando h\u00e1 interrup\u00e7\u00f5es ou acidentes. O piso mais poroso evita ac\u00famulo de \u00e1gua e praticamente elimina vibra\u00e7\u00f5es, diferente das melhores rodovias brasileiras, onde altas velocidades geram trepida\u00e7\u00f5es que desencorajam o acelerador.<\/p>\n\n\n\n<p>A discuss\u00e3o sobre privatiza\u00e7\u00e3o dessas rodovias e sobre eliminar os trechos livres chegou ao governo, mas n\u00e3o avan\u00e7ou. Por enquanto, a tradi\u00e7\u00e3o permanece \u2014 baseada n\u00e3o na aus\u00eancia de lei, mas na combina\u00e7\u00e3o de tecnologia, fiscaliza\u00e7\u00e3o rigorosa e uma cultura de dire\u00e7\u00e3o que entende que liberdade exige responsabilidade.<\/p>\n","protected":false},"excerpt":{"rendered":"<p>O fasc\u00ednio dos brasileiros pelas estradas alem\u00e3s n\u00e3o \u00e9 de hoje. As famosas autobahns, rodovias que contam com trechos sem limite de velocidade, s\u00e3o quase um mito para quem sonha em dirigir sem as restri\u00e7\u00f5es comuns no Brasil. Mas, ao contr\u00e1rio do que muita gente imagina, n\u00e3o se trata de um territ\u00f3rio sem regras ou [&hellip;]<\/p>\n","protected":false},"author":7,"featured_media":2687,"comment_status":"open","ping_status":"open","sticky":false,"template":"","format":"standard","meta":{"jnews-multi-image_gallery":[],"jnews_single_post":{"format":"standard"},"jnews_primary_category":[],"jnews_social_meta":[],"jnews_post_split":[],"footnotes":""},"categories":[1],"tags":[],"class_list":["post-9726","post","type-post","status-publish","format-standard","has-post-thumbnail","hentry","category-uncategorized"],"_links":{"self":[{"href":"https:\/\/diariodepernambuco.audiencelabs.com.br\/wp-json\/wp\/v2\/posts\/9726","targetHints":{"allow":["GET"]}}],"collection":[{"href":"https:\/\/diariodepernambuco.audiencelabs.com.br\/wp-json\/wp\/v2\/posts"}],"about":[{"href":"https:\/\/diariodepernambuco.audiencelabs.com.br\/wp-json\/wp\/v2\/types\/post"}],"author":[{"embeddable":true,"href":"https:\/\/diariodepernambuco.audiencelabs.com.br\/wp-json\/wp\/v2\/users\/7"}],"replies":[{"embeddable":true,"href":"https:\/\/diariodepernambuco.audiencelabs.com.br\/wp-json\/wp\/v2\/comments?post=9726"}],"version-history":[{"count":2,"href":"https:\/\/diariodepernambuco.audiencelabs.com.br\/wp-json\/wp\/v2\/posts\/9726\/revisions"}],"predecessor-version":[{"id":9777,"href":"https:\/\/diariodepernambuco.audiencelabs.com.br\/wp-json\/wp\/v2\/posts\/9726\/revisions\/9777"}],"wp:featuredmedia":[{"embeddable":true,"href":"https:\/\/diariodepernambuco.audiencelabs.com.br\/wp-json\/wp\/v2\/media\/2687"}],"wp:attachment":[{"href":"https:\/\/diariodepernambuco.audiencelabs.com.br\/wp-json\/wp\/v2\/media?parent=9726"}],"wp:term":[{"taxonomy":"category","embeddable":true,"href":"https:\/\/diariodepernambuco.audiencelabs.com.br\/wp-json\/wp\/v2\/categories?post=9726"},{"taxonomy":"post_tag","embeddable":true,"href":"https:\/\/diariodepernambuco.audiencelabs.com.br\/wp-json\/wp\/v2\/tags?post=9726"}],"curies":[{"name":"wp","href":"https:\/\/api.w.org\/{rel}","templated":true}]}}