{"id":9744,"date":"2025-11-19T11:49:32","date_gmt":"2025-11-19T14:49:32","guid":{"rendered":"https:\/\/diariodepernambuco.audiencelabs.com.br\/?p=9744"},"modified":"2025-11-19T14:13:28","modified_gmt":"2025-11-19T17:13:28","slug":"urgente-pedro-se-despede-e-esta-fora-no-flamengo","status":"publish","type":"post","link":"https:\/\/diariodepernambuco.audiencelabs.com.br\/urgente-pedro-se-despede-e-esta-fora-no-flamengo\/","title":{"rendered":"Urgente: Pedro se despede e est\u00e1 fora no Flamengo"},"content":{"rendered":"\n<p>O atacante Pedro est\u00e1 fora da final da Libertadores e s\u00f3 deve retornar aos gramados na pr\u00f3xima temporada. A aus\u00eancia n\u00e3o se deve \u00e0 fratura no bra\u00e7o direito sofrida na semifinal contra o Racing, mas sim a uma les\u00e3o muscular na coxa esquerda. O problema surgiu ap\u00f3s o jogador relatar dores durante o treino de ter\u00e7a-feira, no Ninho do Urubu.<\/p>\n\n\n\n<p>Levado a uma cl\u00ednica na manh\u00e3 desta quarta-feira para realizar exames de imagem, Pedro teve confirmada uma les\u00e3o no m\u00fasculo reto femoral da coxa esquerda e j\u00e1 come\u00e7ou o processo de tratamento com o departamento m\u00e9dico. Por se tratar de um m\u00fasculo essencial para for\u00e7a e explos\u00e3o, a recupera\u00e7\u00e3o costuma ser mais demorada, e o caso do atacante \u00e9 classificado como grave.<\/p>\n\n\n\n<p>Dessa forma, Pedro s\u00f3 deve retornar aos gramados em 2026, j\u00e1 que resta menos de um m\u00eas para o encerramento da atual temporada. Caso conquiste a Libertadores e avance \u00e0 final da Copa Intercontinental, o Flamengo far\u00e1 sua \u00faltima partida de 2025 no dia 17 de dezembro.<\/p>\n\n\n\n<p>Tamb\u00e9m nesta quarta, Pedro tamb\u00e9m fez radiografia para acompanhar a les\u00e3o no antebra\u00e7o direito. Este laudo foi positivo, visto que apontou sinais de consolida\u00e7\u00e3o da fratura. Em recupera\u00e7\u00e3o deste problema, o camisa 9 havia voltado a treinar no campo, ainda com limita\u00e7\u00f5es, h\u00e1 uma semana.<\/p>\n\n\n\n<p>Antes da les\u00e3o na coxa, a comiss\u00e3o t\u00e9cnica trabalhava com a possibilidade \u2014 ainda que otimista \u2014 de contar com o jogador no duelo contra o Atl\u00e9tico-MG, marcado para quatro dias antes da final contra o Palmeiras. Agora, sem seu camisa 9, Filipe Lu\u00eds precisar\u00e1 encontrar alternativas para a decis\u00e3o frente ao Palmeiras.<\/p>\n\n\n\n<h2 class=\"wp-block-heading\">A nota oficial do Flamengo sobre Pedro<\/h2>\n\n\n\n<p><em>&#8220;O atacante sentiu dores musculares durante o treinamento da \u00faltima ter\u00e7a-feira (18) e precisou deixar a atividade. Nesta quarta-feira (19), realizou exame de imagem que constatou les\u00e3o muscular na coxa esquerda. O jogador j\u00e1 iniciou tratamento com o Departamento M\u00e9dico do Clube de Regatas do Flamengo. Tamb\u00e9m nesta manh\u00e3, Pedro realizou radiografia de controle no antebra\u00e7o direito, que apontou sinais de consolida\u00e7\u00e3o da fratura na ulna.&#8221;<\/em><\/p>\n\n\n\n<p><\/p>\n","protected":false},"excerpt":{"rendered":"<p>O atacante Pedro est\u00e1 fora da final da Libertadores e s\u00f3 deve retornar aos gramados na pr\u00f3xima temporada. A aus\u00eancia n\u00e3o se deve \u00e0 fratura no bra\u00e7o direito sofrida na semifinal contra o Racing, mas sim a uma les\u00e3o muscular na coxa esquerda. O problema surgiu ap\u00f3s o jogador relatar dores durante o treino de [&hellip;]<\/p>\n","protected":false},"author":4,"featured_media":9745,"comment_status":"open","ping_status":"open","sticky":false,"template":"","format":"standard","meta":{"jnews-multi-image_gallery":[],"jnews_single_post":{"format":"standard"},"jnews_primary_category":[],"jnews_social_meta":[],"jnews_post_split":[],"footnotes":""},"categories":[1],"tags":[],"class_list":["post-9744","post","type-post","status-publish","format-standard","has-post-thumbnail","hentry","category-uncategorized"],"_links":{"self":[{"href":"https:\/\/diariodepernambuco.audiencelabs.com.br\/wp-json\/wp\/v2\/posts\/9744","targetHints":{"allow":["GET"]}}],"collection":[{"href":"https:\/\/diariodepernambuco.audiencelabs.com.br\/wp-json\/wp\/v2\/posts"}],"about":[{"href":"https:\/\/diariodepernambuco.audiencelabs.com.br\/wp-json\/wp\/v2\/types\/post"}],"author":[{"embeddable":true,"href":"https:\/\/diariodepernambuco.audiencelabs.com.br\/wp-json\/wp\/v2\/users\/4"}],"replies":[{"embeddable":true,"href":"https:\/\/diariodepernambuco.audiencelabs.com.br\/wp-json\/wp\/v2\/comments?post=9744"}],"version-history":[{"count":2,"href":"https:\/\/diariodepernambuco.audiencelabs.com.br\/wp-json\/wp\/v2\/posts\/9744\/revisions"}],"predecessor-version":[{"id":9747,"href":"https:\/\/diariodepernambuco.audiencelabs.com.br\/wp-json\/wp\/v2\/posts\/9744\/revisions\/9747"}],"wp:featuredmedia":[{"embeddable":true,"href":"https:\/\/diariodepernambuco.audiencelabs.com.br\/wp-json\/wp\/v2\/media\/9745"}],"wp:attachment":[{"href":"https:\/\/diariodepernambuco.audiencelabs.com.br\/wp-json\/wp\/v2\/media?parent=9744"}],"wp:term":[{"taxonomy":"category","embeddable":true,"href":"https:\/\/diariodepernambuco.audiencelabs.com.br\/wp-json\/wp\/v2\/categories?post=9744"},{"taxonomy":"post_tag","embeddable":true,"href":"https:\/\/diariodepernambuco.audiencelabs.com.br\/wp-json\/wp\/v2\/tags?post=9744"}],"curies":[{"name":"wp","href":"https:\/\/api.w.org\/{rel}","templated":true}]}}