{"id":9754,"date":"2025-11-20T11:30:00","date_gmt":"2025-11-20T14:30:00","guid":{"rendered":"https:\/\/diariodepernambuco.audiencelabs.com.br\/?p=9754"},"modified":"2025-11-19T13:08:05","modified_gmt":"2025-11-19T16:08:05","slug":"estado-brasileiro-vai-passar-por-temporal-e-frente-fria-no-feriado","status":"publish","type":"post","link":"https:\/\/diariodepernambuco.audiencelabs.com.br\/estado-brasileiro-vai-passar-por-temporal-e-frente-fria-no-feriado\/","title":{"rendered":"Estado brasileiro vai passar por temporal e frente fria no feriado"},"content":{"rendered":"\n<p>O feriado do Dia da Consci\u00eancia Negra deve ser marcado por fortes chuvas em toda a Bahia. Segundo o Instituto Nacional de Meteorologia (Inmet), foram emitidos nesta quarta-feira (19) dois avisos meteorol\u00f3gicos \u2014 um alerta laranja, de perigo, e um alerta amarelo, de perigo potencial \u2014 v\u00e1lidos at\u00e9 o fim da tarde de quinta-feira (20).<\/p>\n\n\n\n<p>O alerta laranja abrange Salvador, Feira de Santana e outras 114 cidades, onde s\u00e3o previstos acumulados de at\u00e9 100 mm de chuva. Nessas \u00e1reas, tamb\u00e9m h\u00e1 risco de alagamentos, deslizamentos de encostas e transbordamentos de rios.<\/p>\n\n\n\n<p>O alerta amarelo, por sua vez, abrange todos os 417 munic\u00edpios baianos. Nessas regi\u00f5es, a previs\u00e3o indica acumulados de at\u00e9 50 mm de chuva por dia e ventos fortes que podem chegar a 60 km\/h. O risco \u00e9 considerado baixo, mas ainda h\u00e1 possibilidade de quedas de galhos e \u00e1rvores, alagamentos, descargas el\u00e9tricas e interrup\u00e7\u00f5es no fornecimento de energia.<\/p>\n\n\n\n<p>Diante desse cen\u00e1rio, a orienta\u00e7\u00e3o \u00e9 redobrar a aten\u00e7\u00e3o e acompanhar as atualiza\u00e7\u00f5es dos \u00f3rg\u00e3os oficiais ao longo do feriado. Medidas simples, como evitar \u00e1reas alagadas, manter dist\u00e2ncia de encostas e ficar atento a poss\u00edveis altera\u00e7\u00f5es na rede el\u00e9trica, podem prevenir acidentes.<\/p>\n\n\n\n<h2 class=\"wp-block-heading\">Confira cidades baianas que est\u00e3o com alerta laranja<\/h2>\n\n\n\n<ul class=\"wp-block-list\">\n<li>Alcoba\u00e7a<\/li>\n\n\n\n<li>Almadina<\/li>\n\n\n\n<li>Am\u00e9lia Rodrigues<\/li>\n\n\n\n<li>Ara\u00e7\u00e1s<\/li>\n\n\n\n<li>Arataca<\/li>\n\n\n\n<li>Aratu\u00edpe<\/li>\n\n\n\n<li>Aurelino Leal<\/li>\n\n\n\n<li>Barra do Rocha<\/li>\n\n\n\n<li>Barro Preto<\/li>\n\n\n\n<li>Belmonte<\/li>\n\n\n\n<li>Buerarema<\/li>\n\n\n\n<li>Cabaceiras do Paragua\u00e7u<\/li>\n\n\n\n<li>Cachoeira<\/li>\n\n\n\n<li>Cairu<\/li>\n\n\n\n<li>Camacan<\/li>\n\n\n\n<li>Cama\u00e7ari<\/li>\n\n\n\n<li>Camamu<\/li>\n\n\n\n<li>Canavieiras<\/li>\n\n\n\n<li>Candeias<\/li>\n\n\n\n<li>Caravelas<\/li>\n\n\n\n<li>Catu<\/li>\n\n\n\n<li>Coaraci<\/li>\n\n\n\n<li>Concei\u00e7\u00e3o da Feira<\/li>\n\n\n\n<li>Concei\u00e7\u00e3o do Almeida<\/li>\n\n\n\n<li>Concei\u00e7\u00e3o do Jacu\u00edpe<\/li>\n\n\n\n<li>Cruz das Almas<\/li>\n\n\n\n<li>Dias d&#8217;\u00c1vila<\/li>\n\n\n\n<li>Dom Macedo Costa<\/li>\n\n\n\n<li>Eun\u00e1polis<\/li>\n\n\n\n<li>Feira de Santana<\/li>\n\n\n\n<li>Floresta Azul<\/li>\n\n\n\n<li>Gandu<\/li>\n\n\n\n<li>Gongogi<\/li>\n\n\n\n<li>Governador Mangabeira<\/li>\n\n\n\n<li>Ubat\u00e3<\/li>\n\n\n\n<li>Una<\/li>\n\n\n\n<li>Uru\u00e7uca<\/li>\n\n\n\n<li>Valen\u00e7a<\/li>\n\n\n\n<li>Varzedo<\/li>\n\n\n\n<li>Vera Cruz<\/li>\n\n\n\n<li>Vereda<\/li>\n\n\n\n<li>Wenceslau Guimar\u00e3es<\/li>\n\n\n\n<li>Guaratinga<\/li>\n\n\n\n<li>Ibicara\u00ed<\/li>\n\n\n\n<li>Ibirapitanga<\/li>\n\n\n\n<li>Ibirapu\u00e3<\/li>\n\n\n\n<li>Ibirataia<\/li>\n\n\n\n<li>Igrapi\u00fana<\/li>\n\n\n\n<li>Ilh\u00e9us<\/li>\n\n\n\n<li>Itabela<\/li>\n\n\n\n<li>Itabuna<\/li>\n\n\n\n<li>Itacar\u00e9<\/li>\n\n\n\n<li>Itagimirim<\/li>\n\n\n\n<li>Itaju do Col\u00f4nia<\/li>\n\n\n\n<li>Itaju\u00edpe<\/li>\n\n\n\n<li>Itamaraju<\/li>\n\n\n\n<li>Itanagra<\/li>\n\n\n\n<li>Itaparica<\/li>\n\n\n\n<li>Itap\u00e9<\/li>\n\n\n\n<li>Itapebi<\/li>\n\n\n\n<li>Itapitanga<\/li>\n\n\n\n<li>Ituber\u00e1<\/li>\n\n\n\n<li>Jaguaripe<\/li>\n\n\n\n<li>Jucuru\u00e7u<\/li>\n\n\n\n<li>Jussari<\/li>\n\n\n\n<li>Laje<\/li>\n\n\n\n<li>Lauro de Freitas<\/li>\n\n\n\n<li>Madre de Deus<\/li>\n\n\n\n<li>Maragogipe<\/li>\n\n\n\n<li>Mara\u00fa<\/li>\n\n\n\n<li>Mascote<\/li>\n\n\n\n<li>Mata de S\u00e3o Jo\u00e3o<\/li>\n\n\n\n<li>Mucuri<\/li>\n\n\n\n<li>Muniz Ferreira<\/li>\n\n\n\n<li>Muritiba<\/li>\n\n\n\n<li>Nazar\u00e9<\/li>\n\n\n\n<li>Nilo Pe\u00e7anha<\/li>\n\n\n\n<li>Nova Ibi\u00e1<\/li>\n\n\n\n<li>Nova Vi\u00e7osa<\/li>\n\n\n\n<li>Pau Brasil<\/li>\n\n\n\n<li>Pira\u00ed do Norte<\/li>\n\n\n\n<li>Pojuca<\/li>\n\n\n\n<li>Porto Seguro<\/li>\n\n\n\n<li>Potiragu\u00e1<\/li>\n\n\n\n<li>Prado<\/li>\n\n\n\n<li>Presidente Tancredo Neves<\/li>\n\n\n\n<li>Salinas da Margarida<\/li>\n\n\n\n<li>Salvador<\/li>\n\n\n\n<li>Santa Cruz Cabr\u00e1lia<\/li>\n\n\n\n<li>Santa Luzia<\/li>\n\n\n\n<li>Santo Amaro<\/li>\n\n\n\n<li>Santo Ant\u00f4nio de Jesus<\/li>\n\n\n\n<li>S\u00e3o Felipe<\/li>\n\n\n\n<li>S\u00e3o F\u00e9lix<\/li>\n\n\n\n<li>S\u00e3o Francisco do Conde<\/li>\n\n\n\n<li>S\u00e3o Gon\u00e7alo dos Campos<\/li>\n\n\n\n<li>S\u00e3o Jos\u00e9 da Vit\u00f3ria<\/li>\n\n\n\n<li>S\u00e3o Miguel das Matas<\/li>\n\n\n\n<li>S\u00e3o Sebasti\u00e3o do Pass\u00e9<\/li>\n\n\n\n<li>Sapea\u00e7u<\/li>\n\n\n\n<li>Saubara<\/li>\n\n\n\n<li>Sim\u00f5es Filho<\/li>\n\n\n\n<li>Tapero\u00e1<\/li>\n\n\n\n<li>Teixeira de Freitas<\/li>\n\n\n\n<li>Teodoro Sampaio<\/li>\n\n\n\n<li>Teol\u00e2ndia<\/li>\n\n\n\n<li>Terra Nova<\/li>\n\n\n\n<li>Ubaitaba<\/li>\n\n\n\n<li>Ubat\u00e3<\/li>\n\n\n\n<li>Una<\/li>\n\n\n\n<li>Uru\u00e7uca<\/li>\n\n\n\n<li>Valen\u00e7a<\/li>\n\n\n\n<li>Varzedo<\/li>\n\n\n\n<li>Vera Cruz<\/li>\n\n\n\n<li>Vereda<\/li>\n\n\n\n<li>Wenceslau Guimar\u00e3es<\/li>\n<\/ul>\n","protected":false},"excerpt":{"rendered":"<p>O feriado do Dia da Consci\u00eancia Negra deve ser marcado por fortes chuvas em toda a Bahia. Segundo o Instituto Nacional de Meteorologia (Inmet), foram emitidos nesta quarta-feira (19) dois avisos meteorol\u00f3gicos \u2014 um alerta laranja, de perigo, e um alerta amarelo, de perigo potencial \u2014 v\u00e1lidos at\u00e9 o fim da tarde de quinta-feira (20). [&hellip;]<\/p>\n","protected":false},"author":4,"featured_media":9432,"comment_status":"open","ping_status":"open","sticky":false,"template":"","format":"standard","meta":{"jnews-multi-image_gallery":[],"jnews_single_post":{"format":"standard"},"jnews_primary_category":[],"jnews_social_meta":[],"jnews_post_split":[],"footnotes":""},"categories":[1],"tags":[],"class_list":["post-9754","post","type-post","status-publish","format-standard","has-post-thumbnail","hentry","category-uncategorized"],"_links":{"self":[{"href":"https:\/\/diariodepernambuco.audiencelabs.com.br\/wp-json\/wp\/v2\/posts\/9754","targetHints":{"allow":["GET"]}}],"collection":[{"href":"https:\/\/diariodepernambuco.audiencelabs.com.br\/wp-json\/wp\/v2\/posts"}],"about":[{"href":"https:\/\/diariodepernambuco.audiencelabs.com.br\/wp-json\/wp\/v2\/types\/post"}],"author":[{"embeddable":true,"href":"https:\/\/diariodepernambuco.audiencelabs.com.br\/wp-json\/wp\/v2\/users\/4"}],"replies":[{"embeddable":true,"href":"https:\/\/diariodepernambuco.audiencelabs.com.br\/wp-json\/wp\/v2\/comments?post=9754"}],"version-history":[{"count":2,"href":"https:\/\/diariodepernambuco.audiencelabs.com.br\/wp-json\/wp\/v2\/posts\/9754\/revisions"}],"predecessor-version":[{"id":9757,"href":"https:\/\/diariodepernambuco.audiencelabs.com.br\/wp-json\/wp\/v2\/posts\/9754\/revisions\/9757"}],"wp:featuredmedia":[{"embeddable":true,"href":"https:\/\/diariodepernambuco.audiencelabs.com.br\/wp-json\/wp\/v2\/media\/9432"}],"wp:attachment":[{"href":"https:\/\/diariodepernambuco.audiencelabs.com.br\/wp-json\/wp\/v2\/media?parent=9754"}],"wp:term":[{"taxonomy":"category","embeddable":true,"href":"https:\/\/diariodepernambuco.audiencelabs.com.br\/wp-json\/wp\/v2\/categories?post=9754"},{"taxonomy":"post_tag","embeddable":true,"href":"https:\/\/diariodepernambuco.audiencelabs.com.br\/wp-json\/wp\/v2\/tags?post=9754"}],"curies":[{"name":"wp","href":"https:\/\/api.w.org\/{rel}","templated":true}]}}