{"id":9759,"date":"2025-11-21T18:30:00","date_gmt":"2025-11-21T21:30:00","guid":{"rendered":"https:\/\/diariodepernambuco.audiencelabs.com.br\/?p=9759"},"modified":"2025-11-19T13:29:56","modified_gmt":"2025-11-19T16:29:56","slug":"trabalhadores-brasileiros-ganham-presente-alem-das-ferias-por-lei-trabalhista","status":"publish","type":"post","link":"https:\/\/diariodepernambuco.audiencelabs.com.br\/trabalhadores-brasileiros-ganham-presente-alem-das-ferias-por-lei-trabalhista\/","title":{"rendered":"Trabalhadores brasileiros ganham presente al\u00e9m das f\u00e9rias por lei trabalhista"},"content":{"rendered":"\n<p>Ter um emprego com carteira assinada assegura diversos direitos que, muitas vezes, passam despercebidos pelos trabalhadores. A Consolida\u00e7\u00e3o das Leis do Trabalho (CLT) define uma s\u00e9rie de garantias que protegem o empregado e oferecem vantagens que v\u00e3o muito al\u00e9m das f\u00e9rias remuneradas.<\/p>\n\n\n\n<p>Entre os direitos mais conhecidos est\u00e3o o 13\u00ba sal\u00e1rio, as f\u00e9rias remuneradas, o vale-transporte e o vale-refei\u00e7\u00e3o. Por\u00e9m, existem outros benef\u00edcios que muitos trabalhadores nem percebem e que podem impactar diretamente a rotina. Alguns s\u00e3o garantidos automaticamente, enquanto outros s\u00f3 se aplicam em situa\u00e7\u00f5es espec\u00edficas.<\/p>\n\n\n\n<p>Um dos direitos mais relevantes previstos na CLT \u00e9 o descanso semanal remunerado. Ele assegura ao trabalhador pelo menos 24 horas consecutivas de repouso sem qualquer desconto no sal\u00e1rio. Embora geralmente aconte\u00e7a aos domingos, o empregador pode conced\u00ea-lo em outro dia da semana.<\/p>\n\n\n\n<p>Outro benef\u00edcio fundamental \u00e9 o seguro-desemprego, destinado a quem \u00e9 dispensado sem justa causa. O aux\u00edlio garante uma renda tempor\u00e1ria, com valores calculados de acordo com o tempo trabalhado e a m\u00e9dia dos sal\u00e1rios, oferecendo um suporte financeiro at\u00e9 que o profissional se reinsera no mercado.<\/p>\n\n\n\n<h2 class=\"wp-block-heading\">Outros direitos que muitos trabalhadores desconhecem<\/h2>\n\n\n\n<p>Al\u00e9m dos benef\u00edcios mais lembrados, a legisla\u00e7\u00e3o trabalhista tamb\u00e9m garante direitos que passam despercebidos, mas fazem grande diferen\u00e7a no cotidiano. Entre eles est\u00e1 o dep\u00f3sito mensal do FGTS, um valor equivalente a 8% do sal\u00e1rio que o empregador deve recolher obrigatoriamente.<\/p>\n\n\n\n<p>Esse fundo funciona como uma reserva financeira protegida, podendo ser acessada em situa\u00e7\u00f5es espec\u00edficas, como demiss\u00e3o sem justa causa, compra da casa pr\u00f3pria ou doen\u00e7as graves. Outro direito importante \u00e9 o adicional de periculosidade ou insalubridade, concedido a profissionais que atuam em condi\u00e7\u00f5es de risco ou exposi\u00e7\u00e3o a agentes prejudiciais \u00e0 sa\u00fade.<\/p>\n\n\n\n<p><\/p>\n","protected":false},"excerpt":{"rendered":"<p>Ter um emprego com carteira assinada assegura diversos direitos que, muitas vezes, passam despercebidos pelos trabalhadores. A Consolida\u00e7\u00e3o das Leis do Trabalho (CLT) define uma s\u00e9rie de garantias que protegem o empregado e oferecem vantagens que v\u00e3o muito al\u00e9m das f\u00e9rias remuneradas. Entre os direitos mais conhecidos est\u00e3o o 13\u00ba sal\u00e1rio, as f\u00e9rias remuneradas, o [&hellip;]<\/p>\n","protected":false},"author":4,"featured_media":8987,"comment_status":"open","ping_status":"open","sticky":false,"template":"","format":"standard","meta":{"jnews-multi-image_gallery":[],"jnews_single_post":{"format":"standard"},"jnews_primary_category":[],"jnews_social_meta":[],"jnews_post_split":[],"footnotes":""},"categories":[1],"tags":[],"class_list":["post-9759","post","type-post","status-publish","format-standard","has-post-thumbnail","hentry","category-uncategorized"],"_links":{"self":[{"href":"https:\/\/diariodepernambuco.audiencelabs.com.br\/wp-json\/wp\/v2\/posts\/9759","targetHints":{"allow":["GET"]}}],"collection":[{"href":"https:\/\/diariodepernambuco.audiencelabs.com.br\/wp-json\/wp\/v2\/posts"}],"about":[{"href":"https:\/\/diariodepernambuco.audiencelabs.com.br\/wp-json\/wp\/v2\/types\/post"}],"author":[{"embeddable":true,"href":"https:\/\/diariodepernambuco.audiencelabs.com.br\/wp-json\/wp\/v2\/users\/4"}],"replies":[{"embeddable":true,"href":"https:\/\/diariodepernambuco.audiencelabs.com.br\/wp-json\/wp\/v2\/comments?post=9759"}],"version-history":[{"count":2,"href":"https:\/\/diariodepernambuco.audiencelabs.com.br\/wp-json\/wp\/v2\/posts\/9759\/revisions"}],"predecessor-version":[{"id":9761,"href":"https:\/\/diariodepernambuco.audiencelabs.com.br\/wp-json\/wp\/v2\/posts\/9759\/revisions\/9761"}],"wp:featuredmedia":[{"embeddable":true,"href":"https:\/\/diariodepernambuco.audiencelabs.com.br\/wp-json\/wp\/v2\/media\/8987"}],"wp:attachment":[{"href":"https:\/\/diariodepernambuco.audiencelabs.com.br\/wp-json\/wp\/v2\/media?parent=9759"}],"wp:term":[{"taxonomy":"category","embeddable":true,"href":"https:\/\/diariodepernambuco.audiencelabs.com.br\/wp-json\/wp\/v2\/categories?post=9759"},{"taxonomy":"post_tag","embeddable":true,"href":"https:\/\/diariodepernambuco.audiencelabs.com.br\/wp-json\/wp\/v2\/tags?post=9759"}],"curies":[{"name":"wp","href":"https:\/\/api.w.org\/{rel}","templated":true}]}}