{"id":9762,"date":"2025-11-21T19:00:00","date_gmt":"2025-11-21T22:00:00","guid":{"rendered":"https:\/\/diariodepernambuco.audiencelabs.com.br\/?p=9762"},"modified":"2025-11-21T12:46:22","modified_gmt":"2025-11-21T15:46:22","slug":"auxilio-doenca-negado-saiba-como-fugir-das-negativas-do-beneficio","status":"publish","type":"post","link":"https:\/\/diariodepernambuco.audiencelabs.com.br\/auxilio-doenca-negado-saiba-como-fugir-das-negativas-do-beneficio\/","title":{"rendered":"Aux\u00edlio-doen\u00e7a negado! Saiba como fugir das negativas do benef\u00edcio"},"content":{"rendered":"\n<p>Ser surpreendido com a negativa do aux\u00edlio-doen\u00e7a pelo INSS, mesmo quando o m\u00e9dico particular ou da empresa indica que voc\u00ea ainda n\u00e3o pode voltar ao trabalho, \u00e9 uma situa\u00e7\u00e3o complicada. Esse desencontro de avalia\u00e7\u00f5es cria o chamado \u201climbo previdenci\u00e1rio\u201d, per\u00edodo em que o trabalhador fica sem receber o benef\u00edcio e tamb\u00e9m sem sal\u00e1rio.<\/p>\n\n\n\n<p>Nesses casos, a principal orienta\u00e7\u00e3o \u00e9 buscar imediatamente uma reavalia\u00e7\u00e3o. O segurado pode solicitar um pedido de reconsidera\u00e7\u00e3o no pr\u00f3prio INSS ou agendar uma nova per\u00edcia m\u00e9dica, apresentando laudos atualizados, exames recentes e relatos detalhados sobre suas limita\u00e7\u00f5es. Quanto mais completa for a documenta\u00e7\u00e3o, maiores s\u00e3o as chances de o perito reconhecer a incapacidade tempor\u00e1ria.<\/p>\n\n\n\n<p>Tamb\u00e9m \u00e9 fundamental que o trabalhador mantenha di\u00e1logo com a empresa. Muitas vezes, o empregador pode encaminhar novos documentos m\u00e9dicos ou at\u00e9 realocar temporariamente o funcion\u00e1rio em atividades compat\u00edveis com sua condi\u00e7\u00e3o de sa\u00fade. Caso isso n\u00e3o seja poss\u00edvel, a empresa n\u00e3o pode exigir o retorno ao trabalho enquanto houver atestado m\u00e9dico v\u00e1lido indicando incapacidade.<\/p>\n\n\n\n<p>Se mesmo assim a negativa persistir, o segurado ainda pode recorrer administrativamente ou procurar a Justi\u00e7a. Em a\u00e7\u00f5es judiciais, um perito nomeado pelo juiz reavalia o caso, o que costuma trazer decis\u00f5es mais favor\u00e1veis quando h\u00e1 documenta\u00e7\u00e3o consistente. O importante \u00e9 n\u00e3o desistir diante da primeira negativa e sempre registrar tudo o que comprova a limita\u00e7\u00e3o f\u00edsica ou mental.<\/p>\n\n\n\n<h2 class=\"wp-block-heading\">Como proteger seus direitos no limbo previdenci\u00e1rio<\/h2>\n\n\n<style>@media (min-width: 992px) {\n    .recomendadorV2Area1 {\n        width: 280px;\n    }\n    .recomendadorV2Area2 {\n        padding: 0px 20px;\n        width: calc(100% - 280px);\n    }\n}\n\n@media (max-width: 992px) {\n    .recomendadorV2Button {\n        margin: 0 auto;\n    }\n    .recomendadorV2Area {\n        flex-direction: column;\n        text-align: center;\n    }\n    .recomendadorV2Area2 {\n        padding: 0px 20px;\n    }\n}\n\n.recomendadorV2Area {\n    background: #eeeeee3d;\n    border-radius: 10px;\n    padding: 15px;\n    display: flex;\n    margin: 15px auto;\n    border: 1px solid #00000014;\n    max-width: 800px;\n}\n\n.recomendadorV2Area1 img {\n    width: 280px;\n    height: auto;\n    border-radius: 8px;\n}\n\n.linkrecomendadorv2 {\n    text-decoration: none !important;\n}\n\n.recomendadorV2Area2 .recomendadorV2Type {\n    text-transform: uppercase;\n    font-weight: 500;\n    font-size: 11px;\n    letter-spacing: 2px;\n    color: #666;\n    margin: 12px 0;\n    display: block;\n}\n\n.recomendadorV2Title h2 {\n    padding-top: 0px !important;\n    margin: 0px !important;\n    border-left: none !important;\n    padding-left: 0px !important;\n    line-height: 1.3;\n    color: #000 !important;\n    font-size: 24px;\n    margin-bottom: 12px !important;\n}\n\n.recomendadorV2Desc {\n    color: #333;\n    margin: 12px 0px !important;\n    font-size: 15px;\n    line-height: 1.5;\n}\n\n.recomendadorV2Button {\n    width: auto;\n    max-width: 200px;\n    margin: 0;\n    display: inline-flex;\n    align-items: center;\n    background: #1D3557;\n    border-radius: 8px;\n    color: #fff;\n    height: 36px;\n    justify-content: center;\n    text-align: center;\n    font-size: 14px;\n    padding: 0 20px;\n    transition: background-color 0.2s ease;\n}\n\n.recomendadorV2Button:hover {\n    background: #2a4d7a;\n}\n\n.recomendadorV2Button:after {\n    margin-top: -2px;\n    content: \"\u2192\";\n    padding: 0px 0px 0px 8px;\n}\n\n.recomendadorV2Alert {\n    text-align: left;\n    font-size: 11px;\n    margin-top: 8px;\n    color: #666;\n}\n\n.recomendadorFixedArea {\n    width: 100%;\n    display: flex;\n    justify-content: center;\n    align-items: center;\n}\n\n@media (min-width: 992px) {\n    #recomendadorFixed {\n        width: 32% !important;\n        left: 5%;\n    }\n    .recomendadorCloseFixed{\n        right: inherit !important;\n        left: 378px !important;\n    }\n}\n\n#recomendadorFixed {\n    width: 90%;\n    box-shadow: 0 10px 20px 0px #00000057;\n    display: none;\n    height: 90px;\n    background: #F6F6F6;\n    position: fixed;\n    flex-direction: row;\n    bottom: 10px;\n    z-index: 9999;\n    border-radius: 16px;\n    padding: 7px 10px;\n}\n\n.recomendadorLeftArea {\n    width: 160px;\n}\n\n.recomendadorRightArea h2 {\n    padding-top: 0px;\n    margin: 2px 0px 4px 0px !important;\n    font-weight: 400;\n    text-align: center;\n    padding-left: 0px !important;\n    color: #000 !important;\n    border-left: none !important;\n    line-height: 20px;\n    font-size: 12px !important;\n}\n\n.recomendadorImgFixed {\n    overflow: hidden;\n    padding: 8px 6px;\n    height: 100%;\n}\n\n.recomendadorImgFixed img {\n    height: 100% !important;\n    border-radius: 16px;\n}\n\n.recomendadorRightArea {\n    padding-top: 6px;\n    display: flex;\n    width: calc(100% - 130px);\n    justify-content: space-between;\n    align-items: center;\n    flex-direction: column;\n}\n\n.recomendadorButtonFixed {\n    margin: 0 auto;\n    background: #1D3557;\n    width: 80%;\n    text-align: center;\n    font-size: 10px;\n    color: #FFF;\n    padding: 2px 10px;\n    border-radius: 3px;\n}\n\n.recomendadorButtonFixed:after {\n    margin-top: -3px;\n    content: \"\u2192\";\n    padding: 0px 0px 0px 10px;\n}\n\n.recomendadorAlertFixed {\n    font-weight: 400;\n    text-align: center;\n    color: #484848;\n    font-size: 8px;\n}\n\n.recomendadorCloseFixed {\n    z-index: 99999;\n    display: none;\n    right: 0px;\n    left: inherit;\n    bottom: 99px;\n    position: fixed;\n    justify-content: center;\n    background: #F6F6F6;\n    width: 25px;\n    align-items: center;\n    height: 25px;\n    font-weight: 800;\n    border-radius: 50%;\n    border: 1px solid #EBEBEB;\n}\n\n.recomendadorV2Desc{\n    color: #000000;\n    margin: 20px 0px;\n}\n\n@media (max-width: 576px) {\n    .recomendadorV2Area {\n      padding: 10px;\n      max-width: 100%;\n    }\n  \n    .recomendadorV2Area1 img {\n      width: 100%;\n      border-radius: 6px;\n    }\n  \n    .recomendadorV2Area2 .recomendadorV2Type {\n      font-size: 9px;\n      letter-spacing: 1px;\n      margin: 8px 0;\n    }\n  \n    .recomendadorV2Title h2 {\n      font-size: 18px !important;\n      margin-bottom: 8px !important;\n      line-height: 1.2;\n    }\n  \n    .recomendadorV2Desc {\n      font-size: 14px;\n      margin: 8px 0 !important;\n      line-height: 1.4;\n    }\n  \n    .recomendadorV2Button {\n      font-size: 12px;\n      height: 30px;\n      padding: 0 12px;\n      max-width: 160px;\n    }\n  \n    .recomendadorV2Button:after {\n      padding-left: 6px;\n    }\n  }\n  <\/style>\n        <div class=\"lazyblock-recomendador-v2-2jDGz wp-block-lazyblock-recomendador-v2\">\n        <a class=\"linkrecomendadorv2\" href=\"https:\/\/diariodepernambuco.com.br\/dpmais\/confirmado-aumento-do-bolsa-familia-para-r-750-acontece-para-esses-brasileiros\/?utm_source=lazy\" target=\"_blank\" rel=\"noopener\">\n            <div class=\"recomendadorV2Area\">\n            <div class=\"recomendadorV2Area1\">\n                <div class=\"recomendadorV2Img\">\n                <img class=\"lazyloaded\" decoding=\"async\" src=\"https:\/\/diariodepernambuco.com.br\/dpmais\/wp-content\/uploads\/2025\/09\/bolsa-1140x570.jpg\" data-src=\"https:\/\/diariodepernambuco.com.br\/dpmais\/wp-content\/uploads\/2025\/09\/bolsa-1140x570.jpg\" alt=\"\">\n                <\/div>\n            <\/div>\n            <div class=\"recomendadorV2Area2\">\n                <div class=\"recomendadorV2Type\">\n                    <span>DP Mais<\/span>\n                <\/div>\n                <div class=\"recomendadorV2Title\">\n                <h2><span>Bolsa Fam\u00edlia sobe \ud83d\udcc8<\/span><\/h2>\n                <\/div>\n                <div class=\"recomendadorV2Desc\">\n                <span>Veja quem recebe R$750 agora<\/span>\n                <\/div>\n                <div class=\"recomendadorV2Button\">Confira agora<\/div>\n                <div class=\"recomendadorV2Alert\"><\/div>\n            <\/div>\n            <\/div>\n        <\/a>\n        <div>\n            <div style=\"z-index:99999;\" id=\"buttonClose\" onclick=\"closeRecomendadorFixed()\">\n            <div class=\"recomendadorCloseFixed\">X<\/div>\n            <\/div>\n            <a href=\"https:\/\/diariodepernambuco.com.br\/dpmais\/confirmado-aumento-do-bolsa-familia-para-r-750-acontece-para-esses-brasileiros\/?utm_source=lazy\" target=\"_blank\" rel=\"noopener\">\n            <div class=\"recomendadorFixedArea\">\n                <div id=\"recomendadorFixed\">\n                <div class=\"recomendadorLeftArea\">\n                    <div class=\"recomendadorImgFixed\">\n                    <img class=\"lazyload\" decoding=\"async\" src=\"https:\/\/diariodepernambuco.com.br\/dpmais\/wp-content\/uploads\/2025\/09\/bolsa-1140x570.jpg\" alt=\"\">\n                    <\/div>\n                <\/div>\n                <div class=\"recomendadorRightArea\">\n                    <div class=\"recomendadorTitleFixed\">\n                    <h2><span>Bolsa Fam\u00edlia sobe \ud83d\udcc8<\/span><\/h2>\n                    <\/div>\n                    <div class=\"recomendadorButtonFixed\">Confira agora<\/div>\n                    <div class=\"recomendadorAlertFixed\"><\/div>\n                <\/div>\n                <\/div>\n            <\/div>\n            <\/a>\n        <\/div>\n        <\/div>\n\n\n\n<p>Para evitar preju\u00edzos durante o limbo previdenci\u00e1rio, \u00e9 essencial que o trabalhador mantenha toda a documenta\u00e7\u00e3o organizada. Atestados m\u00e9dicos, laudos detalhados, exames atualizados e relat\u00f3rios sobre sua condi\u00e7\u00e3o de sa\u00fade devem ser guardados e apresentados sempre que necess\u00e1rio, tanto ao INSS quanto \u00e0 empresa.<\/p>\n\n\n\n<p>Esses documentos s\u00e3o fundamentais para comprovar que voc\u00ea realmente n\u00e3o tem condi\u00e7\u00f5es de retornar \u00e0s atividades e podem fazer diferen\u00e7a em pedidos de reconsidera\u00e7\u00e3o, novas per\u00edcias ou processos judiciais. Al\u00e9m disso, \u00e9 importante registrar formalmente toda comunica\u00e7\u00e3o com o empregador, seja por e-mail ou mensagens que comprovem que voc\u00ea informou sua situa\u00e7\u00e3o e apresentou os documentos m\u00e9dicos.<\/p>\n\n\n\n<p><\/p>\n","protected":false},"excerpt":{"rendered":"<p>Ser surpreendido com a negativa do aux\u00edlio-doen\u00e7a pelo INSS, mesmo quando o m\u00e9dico particular ou da empresa indica que voc\u00ea ainda n\u00e3o pode voltar ao trabalho, \u00e9 uma situa\u00e7\u00e3o complicada. Esse desencontro de avalia\u00e7\u00f5es cria o chamado \u201climbo previdenci\u00e1rio\u201d, per\u00edodo em que o trabalhador fica sem receber o benef\u00edcio e tamb\u00e9m sem sal\u00e1rio. Nesses casos, [&hellip;]<\/p>\n","protected":false},"author":4,"featured_media":9764,"comment_status":"open","ping_status":"open","sticky":false,"template":"","format":"standard","meta":{"jnews-multi-image_gallery":[],"jnews_single_post":{"format":"standard"},"jnews_primary_category":[],"jnews_social_meta":[],"jnews_post_split":[],"footnotes":""},"categories":[1],"tags":[],"class_list":["post-9762","post","type-post","status-publish","format-standard","has-post-thumbnail","hentry","category-uncategorized"],"_links":{"self":[{"href":"https:\/\/diariodepernambuco.audiencelabs.com.br\/wp-json\/wp\/v2\/posts\/9762","targetHints":{"allow":["GET"]}}],"collection":[{"href":"https:\/\/diariodepernambuco.audiencelabs.com.br\/wp-json\/wp\/v2\/posts"}],"about":[{"href":"https:\/\/diariodepernambuco.audiencelabs.com.br\/wp-json\/wp\/v2\/types\/post"}],"author":[{"embeddable":true,"href":"https:\/\/diariodepernambuco.audiencelabs.com.br\/wp-json\/wp\/v2\/users\/4"}],"replies":[{"embeddable":true,"href":"https:\/\/diariodepernambuco.audiencelabs.com.br\/wp-json\/wp\/v2\/comments?post=9762"}],"version-history":[{"count":3,"href":"https:\/\/diariodepernambuco.audiencelabs.com.br\/wp-json\/wp\/v2\/posts\/9762\/revisions"}],"predecessor-version":[{"id":9854,"href":"https:\/\/diariodepernambuco.audiencelabs.com.br\/wp-json\/wp\/v2\/posts\/9762\/revisions\/9854"}],"wp:featuredmedia":[{"embeddable":true,"href":"https:\/\/diariodepernambuco.audiencelabs.com.br\/wp-json\/wp\/v2\/media\/9764"}],"wp:attachment":[{"href":"https:\/\/diariodepernambuco.audiencelabs.com.br\/wp-json\/wp\/v2\/media?parent=9762"}],"wp:term":[{"taxonomy":"category","embeddable":true,"href":"https:\/\/diariodepernambuco.audiencelabs.com.br\/wp-json\/wp\/v2\/categories?post=9762"},{"taxonomy":"post_tag","embeddable":true,"href":"https:\/\/diariodepernambuco.audiencelabs.com.br\/wp-json\/wp\/v2\/tags?post=9762"}],"curies":[{"name":"wp","href":"https:\/\/api.w.org\/{rel}","templated":true}]}}