{"id":9820,"date":"2025-11-21T11:41:35","date_gmt":"2025-11-21T14:41:35","guid":{"rendered":"https:\/\/diariodepernambuco.audiencelabs.com.br\/?p=9820"},"modified":"2025-11-21T11:41:39","modified_gmt":"2025-11-21T14:41:39","slug":"martelo-batido-instalacao-de-ar-condicionado-esta-proibida-nestes-casos","status":"publish","type":"post","link":"https:\/\/diariodepernambuco.audiencelabs.com.br\/martelo-batido-instalacao-de-ar-condicionado-esta-proibida-nestes-casos\/","title":{"rendered":"Martelo batido: instala\u00e7\u00e3o de ar-condicionado est\u00e1 proibida nestes casos"},"content":{"rendered":"\n<p>A instala\u00e7\u00e3o de aparelhos de ar-condicionado nos apartamentos, apesar de parecer uma mudan\u00e7a simples, n\u00e3o pode ser realizada de forma livre quando interfere na fachada do edif\u00edcio. De acordo com o artigo 1.336 do C\u00f3digo Civil, qualquer altera\u00e7\u00e3o visual na fachada exige autoriza\u00e7\u00e3o pr\u00e9via em assembleia, com aprova\u00e7\u00e3o por qu\u00f3rum qualificado.<\/p>\n\n\n\n<p>Mesmo os modelos mais modernos, como o sistema split, demandam a coloca\u00e7\u00e3o da condensadora na \u00e1rea externa, o que impacta a est\u00e9tica do pr\u00e9dio e pode trazer implica\u00e7\u00f5es para a seguran\u00e7a da estrutura. Al\u00e9m disso, muitos condom\u00ednios possuem regras internas ainda mais espec\u00edficas, estipuladas na conven\u00e7\u00e3o ou no regimento interno, que definem exatamente onde e como os equipamentos podem ser instalados.<\/p>\n\n\n\n<p>Em alguns pr\u00e9dios, h\u00e1 locais padronizados para acomodar as condensadoras, garantindo uniformidade visual e prevenindo danos \u00e0 estrutura. Quando essas normas n\u00e3o s\u00e3o respeitadas, o s\u00edndico tem autonomia para exigir a retirada imediata do aparelho e at\u00e9 aplicar multas ao morador infrator.<\/p>\n\n\n\n<p>Em casos mais graves, o condom\u00ednio pode recorrer \u00e0 Justi\u00e7a para obrigar a adequa\u00e7\u00e3o, j\u00e1 que manter a fachada preservada \u00e9 um dever legal e coletivo. Por isso, antes de adquirir um ar-condicionado ou iniciar qualquer obra, \u00e9 indispens\u00e1vel consultar as regras do condom\u00ednio e buscar aprova\u00e7\u00e3o formal, evitando preju\u00edzos e futuras dores de cabe\u00e7a.<\/p>\n\n\n\n<h2 class=\"wp-block-heading\">O que diz a lei e como o condom\u00ednio pode agir<\/h2>\n\n\n\n<p>A legisla\u00e7\u00e3o deixa claro que a preserva\u00e7\u00e3o da fachada \u00e9 uma responsabilidade compartilhada entre todos os cond\u00f4minos, o que significa que qualquer interven\u00e7\u00e3o irregular pode afetar n\u00e3o apenas a est\u00e9tica, mas tamb\u00e9m o valor do im\u00f3vel e a harmonia entre os moradores.<\/p>\n\n\n\n<p>Por isso, a autoriza\u00e7\u00e3o em assembleia n\u00e3o \u00e9 uma mera formalidade: trata-se de um mecanismo para garantir que todas as decis\u00f5es sigam um padr\u00e3o coletivo e n\u00e3o prejudiquem o conjunto arquitet\u00f4nico. Quando o morador insiste em manter o equipamento instalado sem permiss\u00e3o, o condom\u00ednio tem respaldo para aplicar san\u00e7\u00f5es previstas na conven\u00e7\u00e3o.<\/p>\n\n\n\n<p><\/p>\n","protected":false},"excerpt":{"rendered":"<p>A instala\u00e7\u00e3o de aparelhos de ar-condicionado nos apartamentos, apesar de parecer uma mudan\u00e7a simples, n\u00e3o pode ser realizada de forma livre quando interfere na fachada do edif\u00edcio. De acordo com o artigo 1.336 do C\u00f3digo Civil, qualquer altera\u00e7\u00e3o visual na fachada exige autoriza\u00e7\u00e3o pr\u00e9via em assembleia, com aprova\u00e7\u00e3o por qu\u00f3rum qualificado. Mesmo os modelos mais [&hellip;]<\/p>\n","protected":false},"author":4,"featured_media":1081,"comment_status":"open","ping_status":"open","sticky":false,"template":"","format":"standard","meta":{"jnews-multi-image_gallery":[],"jnews_single_post":{"format":"standard"},"jnews_primary_category":[],"jnews_social_meta":[],"jnews_post_split":[],"footnotes":""},"categories":[1],"tags":[],"class_list":["post-9820","post","type-post","status-publish","format-standard","has-post-thumbnail","hentry","category-uncategorized"],"_links":{"self":[{"href":"https:\/\/diariodepernambuco.audiencelabs.com.br\/wp-json\/wp\/v2\/posts\/9820","targetHints":{"allow":["GET"]}}],"collection":[{"href":"https:\/\/diariodepernambuco.audiencelabs.com.br\/wp-json\/wp\/v2\/posts"}],"about":[{"href":"https:\/\/diariodepernambuco.audiencelabs.com.br\/wp-json\/wp\/v2\/types\/post"}],"author":[{"embeddable":true,"href":"https:\/\/diariodepernambuco.audiencelabs.com.br\/wp-json\/wp\/v2\/users\/4"}],"replies":[{"embeddable":true,"href":"https:\/\/diariodepernambuco.audiencelabs.com.br\/wp-json\/wp\/v2\/comments?post=9820"}],"version-history":[{"count":1,"href":"https:\/\/diariodepernambuco.audiencelabs.com.br\/wp-json\/wp\/v2\/posts\/9820\/revisions"}],"predecessor-version":[{"id":9821,"href":"https:\/\/diariodepernambuco.audiencelabs.com.br\/wp-json\/wp\/v2\/posts\/9820\/revisions\/9821"}],"wp:featuredmedia":[{"embeddable":true,"href":"https:\/\/diariodepernambuco.audiencelabs.com.br\/wp-json\/wp\/v2\/media\/1081"}],"wp:attachment":[{"href":"https:\/\/diariodepernambuco.audiencelabs.com.br\/wp-json\/wp\/v2\/media?parent=9820"}],"wp:term":[{"taxonomy":"category","embeddable":true,"href":"https:\/\/diariodepernambuco.audiencelabs.com.br\/wp-json\/wp\/v2\/categories?post=9820"},{"taxonomy":"post_tag","embeddable":true,"href":"https:\/\/diariodepernambuco.audiencelabs.com.br\/wp-json\/wp\/v2\/tags?post=9820"}],"curies":[{"name":"wp","href":"https:\/\/api.w.org\/{rel}","templated":true}]}}