{"id":9877,"date":"2025-11-24T15:30:00","date_gmt":"2025-11-24T18:30:00","guid":{"rendered":"https:\/\/diariodepernambuco.audiencelabs.com.br\/?p=9877"},"modified":"2025-11-21T15:04:16","modified_gmt":"2025-11-21T18:04:16","slug":"lei-sancionada-obriga-fechamento-de-carrefour-atacadao-e-outros-mercados-nestas-situacoes-especificas","status":"publish","type":"post","link":"https:\/\/diariodepernambuco.audiencelabs.com.br\/lei-sancionada-obriga-fechamento-de-carrefour-atacadao-e-outros-mercados-nestas-situacoes-especificas\/","title":{"rendered":"Lei sancionada obriga fechamento de Carrefour, Atacad\u00e3o e outros mercados nestas situa\u00e7\u00f5es espec\u00edficas"},"content":{"rendered":"\n<p>Os supermercados do Esp\u00edrito Santo voltar\u00e3o a fechar aos domingos a partir de 1\u00ba de mar\u00e7o de 2026. A medida ser\u00e1 v\u00e1lida at\u00e9 31 de outubro do mesmo ano, per\u00edodo em que a Federa\u00e7\u00e3o do Com\u00e9rcio de Bens, Servi\u00e7os e Turismo do Esp\u00edrito Santo (Fecom\u00e9rcio-ES) e o Sindicato dos Comerci\u00e1rios retomar\u00e3o as negocia\u00e7\u00f5es sobre a Conven\u00e7\u00e3o Coletiva de Trabalho.<\/p>\n\n\n\n<p>A determina\u00e7\u00e3o n\u00e3o se aplica aos shoppings, que permanecer\u00e3o funcionando normalmente aos domingos e feriados em todo o estado. J\u00e1 para o ver\u00e3o 2025\/2026, as entidades decidiram manter a autoriza\u00e7\u00e3o para que os supermercados operem normalmente aos domingos.<\/p>\n\n\n\n<p>A Conven\u00e7\u00e3o Coletiva segue v\u00e1lida at\u00e9 2027, por\u00e9m cl\u00e1usulas espec\u00edficas podem ser revisadas a qualquer momento mediante negocia\u00e7\u00e3o entre as partes. O acordo tamb\u00e9m assegurou o pagamento de um aux\u00edlio-alimenta\u00e7\u00e3o mensal de R$ 150 aos trabalhadores do com\u00e9rcio. Al\u00e9m disso, a categoria recebeu um reajuste salarial de 7%, elevando o piso para R$ 1.650.<\/p>\n\n\n\n<p>Segundo a Fecom\u00e9rcio-ES, o novo per\u00edodo de fechamento funcionar\u00e1 como uma fase de teste. No estado, os supermercados j\u00e1 permaneceram fechados aos domingos por for\u00e7a de conven\u00e7\u00e3o coletiva durante nove anos, entre 2009 e 2018.<\/p>\n\n\n\n<h2 class=\"wp-block-heading\">Impactos para consumidores e trabalhadores<\/h2>\n\n\n\n<p>Com a retomada do fechamento dominical, consumidores precisar\u00e3o reorganizar seus h\u00e1bitos de compra, especialmente aqueles que utilizam o domingo como principal dia para abastecer a casa. A expectativa \u00e9 de que os supermercados registrem maior movimento aos s\u00e1bados e nas v\u00e9speras de feriados, o que pode exigir refor\u00e7o nas equipes e ajustes log\u00edsticos para garantir o atendimento.<\/p>\n\n\n\n<p>Para os trabalhadores, a mudan\u00e7a representa a amplia\u00e7\u00e3o do descanso semanal em uma data tradicionalmente destinada \u00e0 conviv\u00eancia familiar. Sindicatos destacam que a medida pode melhorar a qualidade de vida dos profissionais, reduzindo jornadas cont\u00ednuas e ampliando o tempo de recupera\u00e7\u00e3o f\u00edsica e mental.<\/p>\n\n\n\n<p><\/p>\n","protected":false},"excerpt":{"rendered":"<p>Os supermercados do Esp\u00edrito Santo voltar\u00e3o a fechar aos domingos a partir de 1\u00ba de mar\u00e7o de 2026. A medida ser\u00e1 v\u00e1lida at\u00e9 31 de outubro do mesmo ano, per\u00edodo em que a Federa\u00e7\u00e3o do Com\u00e9rcio de Bens, Servi\u00e7os e Turismo do Esp\u00edrito Santo (Fecom\u00e9rcio-ES) e o Sindicato dos Comerci\u00e1rios retomar\u00e3o as negocia\u00e7\u00f5es sobre a [&hellip;]<\/p>\n","protected":false},"author":4,"featured_media":9880,"comment_status":"open","ping_status":"open","sticky":false,"template":"","format":"standard","meta":{"jnews-multi-image_gallery":[],"jnews_single_post":{"format":"standard"},"jnews_primary_category":[],"jnews_social_meta":[],"jnews_post_split":[],"footnotes":""},"categories":[1],"tags":[],"class_list":["post-9877","post","type-post","status-publish","format-standard","has-post-thumbnail","hentry","category-uncategorized"],"_links":{"self":[{"href":"https:\/\/diariodepernambuco.audiencelabs.com.br\/wp-json\/wp\/v2\/posts\/9877","targetHints":{"allow":["GET"]}}],"collection":[{"href":"https:\/\/diariodepernambuco.audiencelabs.com.br\/wp-json\/wp\/v2\/posts"}],"about":[{"href":"https:\/\/diariodepernambuco.audiencelabs.com.br\/wp-json\/wp\/v2\/types\/post"}],"author":[{"embeddable":true,"href":"https:\/\/diariodepernambuco.audiencelabs.com.br\/wp-json\/wp\/v2\/users\/4"}],"replies":[{"embeddable":true,"href":"https:\/\/diariodepernambuco.audiencelabs.com.br\/wp-json\/wp\/v2\/comments?post=9877"}],"version-history":[{"count":4,"href":"https:\/\/diariodepernambuco.audiencelabs.com.br\/wp-json\/wp\/v2\/posts\/9877\/revisions"}],"predecessor-version":[{"id":9960,"href":"https:\/\/diariodepernambuco.audiencelabs.com.br\/wp-json\/wp\/v2\/posts\/9877\/revisions\/9960"}],"wp:featuredmedia":[{"embeddable":true,"href":"https:\/\/diariodepernambuco.audiencelabs.com.br\/wp-json\/wp\/v2\/media\/9880"}],"wp:attachment":[{"href":"https:\/\/diariodepernambuco.audiencelabs.com.br\/wp-json\/wp\/v2\/media?parent=9877"}],"wp:term":[{"taxonomy":"category","embeddable":true,"href":"https:\/\/diariodepernambuco.audiencelabs.com.br\/wp-json\/wp\/v2\/categories?post=9877"},{"taxonomy":"post_tag","embeddable":true,"href":"https:\/\/diariodepernambuco.audiencelabs.com.br\/wp-json\/wp\/v2\/tags?post=9877"}],"curies":[{"name":"wp","href":"https:\/\/api.w.org\/{rel}","templated":true}]}}