{"id":9953,"date":"2025-11-24T15:49:35","date_gmt":"2025-11-24T18:49:35","guid":{"rendered":"https:\/\/diariodepernambuco.audiencelabs.com.br\/?p=9953"},"modified":"2025-11-24T15:49:38","modified_gmt":"2025-11-24T18:49:38","slug":"3-regioes-do-brasil-vao-enfrentar-chuvas-e-temporais-nesta-semana","status":"publish","type":"post","link":"https:\/\/diariodepernambuco.audiencelabs.com.br\/3-regioes-do-brasil-vao-enfrentar-chuvas-e-temporais-nesta-semana\/","title":{"rendered":"3 regi\u00f5es do Brasil v\u00e3o enfrentar chuvas e temporais nesta semana"},"content":{"rendered":"\n<p>A segunda-feira (24) ser\u00e1 marcada pelo avan\u00e7o de \u00e1reas de instabilidade sobre o Sul, Sudeste e parte do Centro-Oeste, influenciadas pelo deslocamento de um cavado em n\u00edveis m\u00e9dios da atmosfera, pelo transporte de umidade da Amaz\u00f4nia e pela presen\u00e7a de uma frente fria no oceano. No Norte, o calor aliado \u00e0 alta umidade segue favorecendo a forma\u00e7\u00e3o de pancadas de chuva.<\/p>\n\n\n\n<p>As temperaturas ficam mais baixas em partes do Sudeste e do Sul. No Sul, a segunda come\u00e7a com chuva moderada a forte no norte, na Serra e no litoral norte do Rio Grande do Sul, embora boa parte do estado registre momentos de tempo firme. Em Santa Catarina e no Paran\u00e1, as pancadas ganham intensidade ao longo do dia, especialmente \u00e0 tarde, com possibilidade de temporais e trovoadas.<\/p>\n\n\n\n<p>As temperaturas voltam a subir no Rio Grande do Sul, enquanto Santa Catarina e o leste do Paran\u00e1 ainda devem registrar sensa\u00e7\u00e3o t\u00e9rmica mais amena. No Sudeste, o tempo j\u00e1 amanhece inst\u00e1vel em todos os estados, e os temporais tendem a ganhar for\u00e7a \u00e0 tarde, sobretudo no sul e no leste de S\u00e3o Paulo.<\/p>\n\n\n\n<p>O litoral paulista entra em estado de aten\u00e7\u00e3o, com previs\u00e3o de chuva intensa e rajadas de vento que podem atingir 70 km\/h. O sul de Minas tamb\u00e9m permanece em alerta. Minas Gerais, Rio de Janeiro e Esp\u00edrito Santo t\u00eam risco de tempestades ao longo do dia. As temperaturas diminuem em boa parte da regi\u00e3o, com exce\u00e7\u00e3o do noroeste e oeste paulista e do Tri\u00e2ngulo Mineiro, onde continuam elevadas.<\/p>\n\n\n\n<p>No Centro-Oeste, o calor combinado com a umidade mant\u00e9m as instabilidades em atua\u00e7\u00e3o. Em Mato Grosso e Goi\u00e1s, as pancadas de chuva come\u00e7am pela manh\u00e3 e ganham for\u00e7a durante a tarde, com possibilidade de temporais no leste mato-grossense e em boa parte de Goi\u00e1s.<\/p>\n\n\n\n<p>Na Bahia, sobretudo na faixa sul e no oeste, h\u00e1 risco de temporais, com pancadas moderadas a fortes. Maranh\u00e3o e Piau\u00ed tamb\u00e9m seguem com tempo inst\u00e1vel, enquanto no Cear\u00e1 pode chover de forma isolada no interior. No restante do Nordeste, o tempo firme predomina, e a umidade relativa do ar pode ficar abaixo de 30% em \u00e1reas do Piau\u00ed, Cear\u00e1, Rio Grande do Norte, Para\u00edba, Pernambuco e no extremo norte da Bahia.<\/p>\n\n\n\n<p><\/p>\n","protected":false},"excerpt":{"rendered":"<p>A segunda-feira (24) ser\u00e1 marcada pelo avan\u00e7o de \u00e1reas de instabilidade sobre o Sul, Sudeste e parte do Centro-Oeste, influenciadas pelo deslocamento de um cavado em n\u00edveis m\u00e9dios da atmosfera, pelo transporte de umidade da Amaz\u00f4nia e pela presen\u00e7a de uma frente fria no oceano. No Norte, o calor aliado \u00e0 alta umidade segue favorecendo [&hellip;]<\/p>\n","protected":false},"author":4,"featured_media":6580,"comment_status":"open","ping_status":"open","sticky":false,"template":"","format":"standard","meta":{"jnews-multi-image_gallery":[],"jnews_single_post":{"format":"standard"},"jnews_primary_category":[],"jnews_social_meta":[],"jnews_post_split":[],"footnotes":""},"categories":[1],"tags":[],"class_list":["post-9953","post","type-post","status-publish","format-standard","has-post-thumbnail","hentry","category-uncategorized"],"_links":{"self":[{"href":"https:\/\/diariodepernambuco.audiencelabs.com.br\/wp-json\/wp\/v2\/posts\/9953","targetHints":{"allow":["GET"]}}],"collection":[{"href":"https:\/\/diariodepernambuco.audiencelabs.com.br\/wp-json\/wp\/v2\/posts"}],"about":[{"href":"https:\/\/diariodepernambuco.audiencelabs.com.br\/wp-json\/wp\/v2\/types\/post"}],"author":[{"embeddable":true,"href":"https:\/\/diariodepernambuco.audiencelabs.com.br\/wp-json\/wp\/v2\/users\/4"}],"replies":[{"embeddable":true,"href":"https:\/\/diariodepernambuco.audiencelabs.com.br\/wp-json\/wp\/v2\/comments?post=9953"}],"version-history":[{"count":1,"href":"https:\/\/diariodepernambuco.audiencelabs.com.br\/wp-json\/wp\/v2\/posts\/9953\/revisions"}],"predecessor-version":[{"id":9954,"href":"https:\/\/diariodepernambuco.audiencelabs.com.br\/wp-json\/wp\/v2\/posts\/9953\/revisions\/9954"}],"wp:featuredmedia":[{"embeddable":true,"href":"https:\/\/diariodepernambuco.audiencelabs.com.br\/wp-json\/wp\/v2\/media\/6580"}],"wp:attachment":[{"href":"https:\/\/diariodepernambuco.audiencelabs.com.br\/wp-json\/wp\/v2\/media?parent=9953"}],"wp:term":[{"taxonomy":"category","embeddable":true,"href":"https:\/\/diariodepernambuco.audiencelabs.com.br\/wp-json\/wp\/v2\/categories?post=9953"},{"taxonomy":"post_tag","embeddable":true,"href":"https:\/\/diariodepernambuco.audiencelabs.com.br\/wp-json\/wp\/v2\/tags?post=9953"}],"curies":[{"name":"wp","href":"https:\/\/api.w.org\/{rel}","templated":true}]}}