{"id":9958,"date":"2025-11-25T09:30:00","date_gmt":"2025-11-25T12:30:00","guid":{"rendered":"https:\/\/diariodepernambuco.audiencelabs.com.br\/?p=9958"},"modified":"2025-11-24T16:01:37","modified_gmt":"2025-11-24T19:01:37","slug":"supermercados-do-brasil-recebem-comunicado-sobre-lei-em-vigor-que-traz-proibicao-importante","status":"publish","type":"post","link":"https:\/\/diariodepernambuco.audiencelabs.com.br\/supermercados-do-brasil-recebem-comunicado-sobre-lei-em-vigor-que-traz-proibicao-importante\/","title":{"rendered":"Supermercados do Brasil recebem comunicado sobre lei em vigor que traz proibi\u00e7\u00e3o importante"},"content":{"rendered":"\n<p>No contexto atual do Brasil, os supermercados s\u00e3o essenciais para a rotina dos consumidores e, com as novas medidas legais que passam a valer em 2025 na Bahia, redes como Carrefour e Assa\u00ed ter\u00e3o de se ajustar \u00e0s normas que buscam melhorar a acessibilidade e o atendimento \u00e0s pessoas com defici\u00eancia.<\/p>\n\n\n\n<p>A legisla\u00e7\u00e3o baiana obriga os supermercados a adequarem seus servi\u00e7os conforme a Lei 14.771\/2024. Entre as exig\u00eancias, est\u00e1 a presen\u00e7a de funcion\u00e1rios capacitados para oferecer suporte adequado a clientes com defici\u00eancia ou mobilidade reduzida.<\/p>\n\n\n\n<p>Al\u00e9m disso, os supermercados devem informar claramente os clientes sobre esse direito por meio de sinaliza\u00e7\u00e3o vis\u00edvel. A solicita\u00e7\u00e3o de assist\u00eancia deve ser feita em um balc\u00e3o espec\u00edfico, e o n\u00e3o cumprimento das exig\u00eancias pode resultar em multas que variam de R$ 2.000,00 a R$ 10.000,00 em caso de reincid\u00eancia.<\/p>\n\n\n\n<p>O treinamento dos funcion\u00e1rios respons\u00e1veis pelo atendimento a clientes com defici\u00eancia \u00e9 obrigat\u00f3rio pela nova lei. Cada supermercado deve ter ao menos 10 colaboradores capacitados em atendimento inclusivo e comunica\u00e7\u00e3o acess\u00edvel. A legisla\u00e7\u00e3o tamb\u00e9m exige reciclagens peri\u00f3dicas e o registro das forma\u00e7\u00f5es para garantir conformidade com as normas estaduais.<\/p>\n\n\n\n<p>Independentemente do tamanho da loja ou de ser parte de uma grande rede ou com\u00e9rcio local, todos os supermercados da Bahia devem cumprir a nova lei. As obriga\u00e7\u00f5es envolvem garantir acessibilidade, oferecer assist\u00eancia adequada e manter sinaliza\u00e7\u00e3o clara em todos os estabelecimentos.<\/p>\n\n\n\n<h2 class=\"wp-block-heading\">Adequa\u00e7\u00f5es imediatas e impacto no atendimento ao consumidor<\/h2>\n\n\n\n<p>Com a entrada em vigor da nova legisla\u00e7\u00e3o, os supermercados precisam acelerar processos internos para assegurar que todas as exig\u00eancias sejam atendidas. Isso inclui revisar protocolos, reorganizar equipes e implementar treinamentos que garantam um atendimento mais humanizado e eficiente para pessoas com defici\u00eancia.<\/p>\n\n\n\n<p>A adapta\u00e7\u00e3o n\u00e3o \u00e9 apenas uma obriga\u00e7\u00e3o legal, mas um passo importante rumo a um servi\u00e7o mais inclusivo. Al\u00e9m das mudan\u00e7as operacionais, a norma tamb\u00e9m refor\u00e7a a responsabilidade social das redes varejistas. Ao oferecer suporte qualificado e comunica\u00e7\u00e3o acess\u00edvel, os estabelecimentos contribuem para um ambiente mais respeitoso e seguro para todos os consumidores.<\/p>\n","protected":false},"excerpt":{"rendered":"<p>No contexto atual do Brasil, os supermercados s\u00e3o essenciais para a rotina dos consumidores e, com as novas medidas legais que passam a valer em 2025 na Bahia, redes como Carrefour e Assa\u00ed ter\u00e3o de se ajustar \u00e0s normas que buscam melhorar a acessibilidade e o atendimento \u00e0s pessoas com defici\u00eancia. A legisla\u00e7\u00e3o baiana obriga [&hellip;]<\/p>\n","protected":false},"author":4,"featured_media":8066,"comment_status":"open","ping_status":"open","sticky":false,"template":"","format":"standard","meta":{"jnews-multi-image_gallery":[],"jnews_single_post":{"format":"standard"},"jnews_primary_category":[],"jnews_social_meta":[],"jnews_post_split":[],"footnotes":""},"categories":[1],"tags":[],"class_list":["post-9958","post","type-post","status-publish","format-standard","has-post-thumbnail","hentry","category-uncategorized"],"_links":{"self":[{"href":"https:\/\/diariodepernambuco.audiencelabs.com.br\/wp-json\/wp\/v2\/posts\/9958","targetHints":{"allow":["GET"]}}],"collection":[{"href":"https:\/\/diariodepernambuco.audiencelabs.com.br\/wp-json\/wp\/v2\/posts"}],"about":[{"href":"https:\/\/diariodepernambuco.audiencelabs.com.br\/wp-json\/wp\/v2\/types\/post"}],"author":[{"embeddable":true,"href":"https:\/\/diariodepernambuco.audiencelabs.com.br\/wp-json\/wp\/v2\/users\/4"}],"replies":[{"embeddable":true,"href":"https:\/\/diariodepernambuco.audiencelabs.com.br\/wp-json\/wp\/v2\/comments?post=9958"}],"version-history":[{"count":2,"href":"https:\/\/diariodepernambuco.audiencelabs.com.br\/wp-json\/wp\/v2\/posts\/9958\/revisions"}],"predecessor-version":[{"id":9962,"href":"https:\/\/diariodepernambuco.audiencelabs.com.br\/wp-json\/wp\/v2\/posts\/9958\/revisions\/9962"}],"wp:featuredmedia":[{"embeddable":true,"href":"https:\/\/diariodepernambuco.audiencelabs.com.br\/wp-json\/wp\/v2\/media\/8066"}],"wp:attachment":[{"href":"https:\/\/diariodepernambuco.audiencelabs.com.br\/wp-json\/wp\/v2\/media?parent=9958"}],"wp:term":[{"taxonomy":"category","embeddable":true,"href":"https:\/\/diariodepernambuco.audiencelabs.com.br\/wp-json\/wp\/v2\/categories?post=9958"},{"taxonomy":"post_tag","embeddable":true,"href":"https:\/\/diariodepernambuco.audiencelabs.com.br\/wp-json\/wp\/v2\/tags?post=9958"}],"curies":[{"name":"wp","href":"https:\/\/api.w.org\/{rel}","templated":true}]}}