{"id":9966,"date":"2025-11-25T12:30:00","date_gmt":"2025-11-25T15:30:00","guid":{"rendered":"https:\/\/diariodepernambuco.audiencelabs.com.br\/?p=9966"},"modified":"2025-11-24T18:23:09","modified_gmt":"2025-11-24T21:23:09","slug":"mudanca-importante-para-passageiros-da-uber-foi-anunciada-e-ja-esta-em-vigor-desde-2024","status":"publish","type":"post","link":"https:\/\/diariodepernambuco.audiencelabs.com.br\/mudanca-importante-para-passageiros-da-uber-foi-anunciada-e-ja-esta-em-vigor-desde-2024\/","title":{"rendered":"Mudan\u00e7a importante para passageiros do Uber foi anunciada e j\u00e1 est\u00e1 em vigor desde 2024"},"content":{"rendered":"\n<p>Muitos usu\u00e1rios t\u00eam a mesma d\u00favida: a Uber permite viajar com quatro passageiros ou o limite \u00e9 tr\u00eas? Embora pare\u00e7a uma quest\u00e3o simples, ela ainda gera confus\u00e3o. De acordo com as diretrizes mais recentes, a plataforma autoriza at\u00e9 quatro pessoas no UberX \u2014 sendo uma no banco dianteiro e tr\u00eas no traseiro.<\/p>\n\n\n\n<p>Tal mudan\u00e7a foi implementada em novembro de 2024 com o objetivo de oferecer mais flexibilidade aos usu\u00e1rios e aumentar a efici\u00eancia do servi\u00e7o. Mesmo assim, na pr\u00e1tica, alguns motoristas preferem n\u00e3o levar quatro passageiros. Muitos optam por limitar a tr\u00eas ocupantes por motivos de conforto, seguran\u00e7a ou por experi\u00eancias negativas em viagens muito cheias.<\/p>\n\n\n\n<p>Al\u00e9m disso, durante a pandemia, a Uber proibiu o uso do banco dianteiro, o que acabou gerando ainda mais d\u00favidas sobre o limite de passageiros. Hoje, a empresa esclarece que a capacidade depende da categoria selecionada no aplicativo.<\/p>\n\n\n\n<p>No UberX, s\u00e3o permitidos at\u00e9 quatro ocupantes; no UberXL, que utiliza ve\u00edculos maiores, o limite sobe para seis. J\u00e1 nas corridas compartilhadas, como o Uber Juntos, o n\u00famero de assentos pode mudar conforme o trajeto e a quantidade de usu\u00e1rios atendidos ao mesmo tempo.<\/p>\n\n\n\n<p>Vale lembrar que o motorista parceiro pode recusar a corrida se identificar que o n\u00famero de passageiros ultrapassa a capacidade do ve\u00edculo ou representa risco \u00e0 seguran\u00e7a. A Uber refor\u00e7a que todos devem usar cinto de seguran\u00e7a e que transportar mais pessoas do que o permitido pelas normas de tr\u00e2nsito \u00e9 proibido.<\/p>\n\n\n\n<p>Antes de solicitar uma viagem com quatro ocupantes, \u00e9 recomend\u00e1vel conferir a categoria selecionada no aplicativo e, se necess\u00e1rio, confirmar com o motorista se o transporte \u00e9 vi\u00e1vel. Assim, evitam-se cancelamentos e situa\u00e7\u00f5es desconfort\u00e1veis. Quando surgirem d\u00favidas, o pr\u00f3prio app da Uber disponibiliza orienta\u00e7\u00f5es atualizadas sobre limites e boas pr\u00e1ticas para uma viagem segura.<\/p>\n\n\n\n<p><\/p>\n","protected":false},"excerpt":{"rendered":"<p>Muitos usu\u00e1rios t\u00eam a mesma d\u00favida: a Uber permite viajar com quatro passageiros ou o limite \u00e9 tr\u00eas? Embora pare\u00e7a uma quest\u00e3o simples, ela ainda gera confus\u00e3o. De acordo com as diretrizes mais recentes, a plataforma autoriza at\u00e9 quatro pessoas no UberX \u2014 sendo uma no banco dianteiro e tr\u00eas no traseiro. Tal mudan\u00e7a foi [&hellip;]<\/p>\n","protected":false},"author":4,"featured_media":1625,"comment_status":"open","ping_status":"open","sticky":false,"template":"","format":"standard","meta":{"jnews-multi-image_gallery":[],"jnews_single_post":{"format":"standard"},"jnews_primary_category":[],"jnews_social_meta":[],"jnews_post_split":[],"footnotes":""},"categories":[1],"tags":[],"class_list":["post-9966","post","type-post","status-publish","format-standard","has-post-thumbnail","hentry","category-uncategorized"],"_links":{"self":[{"href":"https:\/\/diariodepernambuco.audiencelabs.com.br\/wp-json\/wp\/v2\/posts\/9966","targetHints":{"allow":["GET"]}}],"collection":[{"href":"https:\/\/diariodepernambuco.audiencelabs.com.br\/wp-json\/wp\/v2\/posts"}],"about":[{"href":"https:\/\/diariodepernambuco.audiencelabs.com.br\/wp-json\/wp\/v2\/types\/post"}],"author":[{"embeddable":true,"href":"https:\/\/diariodepernambuco.audiencelabs.com.br\/wp-json\/wp\/v2\/users\/4"}],"replies":[{"embeddable":true,"href":"https:\/\/diariodepernambuco.audiencelabs.com.br\/wp-json\/wp\/v2\/comments?post=9966"}],"version-history":[{"count":3,"href":"https:\/\/diariodepernambuco.audiencelabs.com.br\/wp-json\/wp\/v2\/posts\/9966\/revisions"}],"predecessor-version":[{"id":9985,"href":"https:\/\/diariodepernambuco.audiencelabs.com.br\/wp-json\/wp\/v2\/posts\/9966\/revisions\/9985"}],"wp:featuredmedia":[{"embeddable":true,"href":"https:\/\/diariodepernambuco.audiencelabs.com.br\/wp-json\/wp\/v2\/media\/1625"}],"wp:attachment":[{"href":"https:\/\/diariodepernambuco.audiencelabs.com.br\/wp-json\/wp\/v2\/media?parent=9966"}],"wp:term":[{"taxonomy":"category","embeddable":true,"href":"https:\/\/diariodepernambuco.audiencelabs.com.br\/wp-json\/wp\/v2\/categories?post=9966"},{"taxonomy":"post_tag","embeddable":true,"href":"https:\/\/diariodepernambuco.audiencelabs.com.br\/wp-json\/wp\/v2\/tags?post=9966"}],"curies":[{"name":"wp","href":"https:\/\/api.w.org\/{rel}","templated":true}]}}